{"id":3046,"date":"2013-05-10T22:40:48","date_gmt":"2013-05-11T01:40:48","guid":{"rendered":"http:\/\/www.toque-musicall.com\/?p=3046"},"modified":"2013-05-10T22:40:48","modified_gmt":"2013-05-11T01:40:48","slug":"ze-maria-seu-orgao-e-seu-conjunto-tudo-azul-1963","status":"publish","type":"post","link":"https:\/\/www.toque-musicall.com\/?p=3046","title":{"rendered":"Z\u00e9 Maria, Seu Org\u00e3o E Seu Conjunto &#8211; Tudo Azul (1963)"},"content":{"rendered":"<p><img loading=\"lazy\" decoding=\"async\" class=\"aligncenter\" src=\"http:\/\/4.bp.blogspot.com\/-oRarffKW7t0\/UY2Zx2fi0CI\/AAAAAAAAGXg\/GFssBY6ANJM\/s400\/z\u00e9+capa+Fp.JPG\" alt=\"\" width=\"400\" height=\"397\" \/><img loading=\"lazy\" decoding=\"async\" class=\"aligncenter\" src=\"http:\/\/4.bp.blogspot.com\/-nEAliXyP5uM\/UY2ZtVE24OI\/AAAAAAAAGXY\/eNYeghGaDnQ\/s400\/ze+maria+e+seu+orgao+Bp.JPG\" alt=\"\" width=\"400\" height=\"395\" \/><\/p>\n<div>Boa noite, amigos cultos e ocultos! Finalmente chegamos a mais uma sexta feira. N\u00e3o tivesse eu compromisso amanh\u00e3 logo cedo, estaria agora tomando uma boa cerveja. Amanh\u00e3 tem Feira do Vinil, l\u00e1 na Savassi (Rua Pernambuco com Inconfidentes) e eu vou pr\u00e1 l\u00e1 fazer uns negocinhos \ud83d\ude09 Hoje eu estou postando um disco que certamente voc\u00eas poder\u00e3o encontrar l\u00e1 na Feira. Eis aqui um disco hist\u00f3rico, de alt\u00edssima qualidade e evidentemente raro. Temos aqui o pianista e tecladista Z\u00e9 Maria e seu conjunto num repert\u00f3rio de primeira, cheio de\u00a0bossa e muito\u00a0balan\u00e7o. Mas o grande destaque aqui \u00e9 a presen\u00e7a do grande \u00a0Jorge Ben (ou Benjor se preferirem). Foi neste disco que o &#8216;Babulina&#8217; fez a sua estr\u00e9ia, como cantor no conjunto do Z\u00e9 Maria e emplacando aqui duas de suas mais famosas composi\u00e7\u00f5es, &#8220;Por causa de voc\u00ea menina&#8221; e &#8220;Mais que nada&#8221;. Da\u00ed nascia um artista muito original. Mas o disco tem mais&#8230; tem Orlann Divo, Tom &amp; Vin\u00edcius, Carlos Lyra e outros mais&#8230; Um \u00f3timo disco para fechar a sexta feira. Manda v\u00ea&#8230;<\/p>\n<div style=\"text-align: center;\">tudo azul<\/div>\n<div style=\"text-align: center;\">por causa de voc\u00ea menina<\/div>\n<div style=\"text-align: center;\">samba do avi\u00e3o<\/div>\n<div style=\"text-align: center;\">japoninho<\/div>\n<div style=\"text-align: center;\">s\u00f3 dan\u00e7o samba<\/div>\n<div style=\"text-align: center;\">jo\u00e3o sem vint\u00e9m<\/div>\n<div style=\"text-align: center;\">mas que nada<\/div>\n<div style=\"text-align: center;\"><\/div>\n<div style=\"text-align: center;\"><\/div>\n<div style=\"text-align: center;\">influencia do jazz<\/div>\n<div style=\"text-align: center;\">a vida do negro<\/div>\n<div style=\"text-align: center;\">garota de ipanema<\/div>\n<div style=\"text-align: center;\">deixa eu ficar<\/div>\n<div style=\"text-align: center;\">gostoso \u00e9 sambar<\/div>\n<div style=\"text-align: center;\"><\/div>\n<div style=\"text-align: center;\"><\/div>\n<\/div>\n<div style=\"text-align: center;\"><\/div>\n","protected":false},"excerpt":{"rendered":"<p>Boa noite, amigos cultos e ocultos! Finalmente chegamos a mais uma sexta feira. N\u00e3o tivesse eu compromisso amanh\u00e3 logo cedo, estaria agora tomando uma boa cerveja. Amanh\u00e3 tem Feira do Vinil, l\u00e1 na Savassi (Rua Pernambuco com Inconfidentes) e eu &hellip; <a href=\"https:\/\/www.toque-musicall.com\/?p=3046\">Continue lendo <span class=\"meta-nav\">&rarr;<\/span><\/a><\/p>\n","protected":false},"author":1,"featured_media":0,"comment_status":"open","ping_status":"closed","sticky":false,"template":"","format":"standard","meta":{"footnotes":""},"categories":[583,40,1691],"tags":[],"class_list":["post-3046","post","type-post","status-publish","format-standard","hentry","category-jorge-ben","category-selo-continental","category-ze-maria-e-seu-conjunto"],"_links":{"self":[{"href":"https:\/\/www.toque-musicall.com\/index.php?rest_route=\/wp\/v2\/posts\/3046","targetHints":{"allow":["GET"]}}],"collection":[{"href":"https:\/\/www.toque-musicall.com\/index.php?rest_route=\/wp\/v2\/posts"}],"about":[{"href":"https:\/\/www.toque-musicall.com\/index.php?rest_route=\/wp\/v2\/types\/post"}],"author":[{"embeddable":true,"href":"https:\/\/www.toque-musicall.com\/index.php?rest_route=\/wp\/v2\/users\/1"}],"replies":[{"embeddable":true,"href":"https:\/\/www.toque-musicall.com\/index.php?rest_route=%2Fwp%2Fv2%2Fcomments&post=3046"}],"version-history":[{"count":1,"href":"https:\/\/www.toque-musicall.com\/index.php?rest_route=\/wp\/v2\/posts\/3046\/revisions"}],"predecessor-version":[{"id":3047,"href":"https:\/\/www.toque-musicall.com\/index.php?rest_route=\/wp\/v2\/posts\/3046\/revisions\/3047"}],"wp:attachment":[{"href":"https:\/\/www.toque-musicall.com\/index.php?rest_route=%2Fwp%2Fv2%2Fmedia&parent=3046"}],"wp:term":[{"taxonomy":"category","embeddable":true,"href":"https:\/\/www.toque-musicall.com\/index.php?rest_route=%2Fwp%2Fv2%2Fcategories&post=3046"},{"taxonomy":"post_tag","embeddable":true,"href":"https:\/\/www.toque-musicall.com\/index.php?rest_route=%2Fwp%2Fv2%2Ftags&post=3046"}],"curies":[{"name":"wp","href":"https:\/\/api.w.org\/{rel}","templated":true}]}}