{"id":3055,"date":"2013-05-15T22:51:00","date_gmt":"2013-05-16T01:51:00","guid":{"rendered":"http:\/\/www.toque-musicall.com\/?p=3055"},"modified":"2013-05-15T22:51:00","modified_gmt":"2013-05-16T01:51:00","slug":"ovelha-negra-trilha-original-da-novela-1975","status":"publish","type":"post","link":"https:\/\/www.toque-musicall.com\/?p=3055","title":{"rendered":"Ovelha Negra &#8211; Trilha Original Da Novela (1975)"},"content":{"rendered":"<p><img loading=\"lazy\" decoding=\"async\" class=\"aligncenter\" src=\"http:\/\/1.bp.blogspot.com\/-dLLQSW0JHn0\/UZQzHZhGXJI\/AAAAAAAAGZg\/Yc0GIcgx6nA\/s400\/capaP.JPG\" alt=\"\" width=\"400\" height=\"400\" \/><\/p>\n<p><img loading=\"lazy\" decoding=\"async\" class=\"aligncenter\" src=\"http:\/\/1.bp.blogspot.com\/-p-o2ZyxvFIg\/UZQzBiAuzQI\/AAAAAAAAGZY\/Vll1rhGPAgQ\/s400\/contraP.JPG\" alt=\"\" width=\"398\" height=\"400\" \/><\/p>\n<div>Boa noite, amigos cultos e ocultos! Aqui estamos, sempre atrasados, mas nunca a ponto de perder o trem. Mineiro \u00e9 assim, perde a hora, mas n\u00e3o perde o trem. \u00d4 trem b\u00e3o!<\/div>\n<div>Escolhido no escuro, eis aqui o disco do dia (ou da noite, se preferirem). Um \u00e1lbum que eu mesmo pouco sei, al\u00e9m das informa\u00e7\u00f5es nele contidas. Trata-se, obviamente, de um trilha sonora de novela, a qual eu nem sabia da exist\u00eancia. Novela de Walter Negr\u00e3o e Chico de Assis, \u00a0realizada pela extinta TV Tupi em 1975. Na contracapa podemos ver um grandioso elenco, com muitos artistas famosos. Mas confesso, n\u00e3o me lembro dessa novela. E olha que nessa \u00e9poca, l\u00e1 em casa n\u00e3o se perdia uma novela. O certo \u00e9 que al\u00e9m de um grande elenco, temos tamb\u00e9m uma boa e variada trilha, com m\u00fasicas, algumas, at\u00e9 bem conhecidas. Dois bons instrumentais, &#8220;Trenzinho do caipira&#8221;, de Villa Lobos, com a Orquestra de Renato de Oliveira e &#8220;Abismo de rosas&#8221;, de Americo Jacomino, na brilhante interpreta\u00e7\u00e3o de Radam\u00e9s Gnattali j\u00e1 valem o disco. Mas temos outros bons destaques como Paulinho Nogueira, Fagner e Rolando Boldrin. Trilhazinha maneira, vale a pena ouvir esse toque \ud83d\ude42<\/div>\n<div><\/div>\n<div style=\"text-align: center;\">trenzinho do caipira &#8211; orquestra renato de oliveira<\/div>\n<div style=\"text-align: center;\">palavr\u00e3o &#8211; rolando boldrin<\/div>\n<div style=\"text-align: center;\">amo-te muito &#8211; daisy de souza<\/div>\n<div style=\"text-align: center;\">casinha &#8211; silvio brito<\/div>\n<div style=\"text-align: center;\">beco dos baleiros (pap\u00e9is de chocolate) &#8211; fagner<\/div>\n<div style=\"text-align: center;\">mour\u00e3o da porteira &#8211; angelo antonio<\/div>\n<div style=\"text-align: center;\">dez bilh\u00f5es de neuronios &#8211; paulinho nogueira<\/div>\n<div style=\"text-align: center;\">abismo de rosas &#8211; radam\u00e9s gnattali<\/div>\n<div style=\"text-align: center;\">atitude &#8211; rolando boldrin<\/div>\n<div style=\"text-align: center;\">menestrel &#8211; angelo antonio<\/div>\n<div style=\"text-align: center;\">vida mansa &#8211; marcelo costa<\/div>\n<div style=\"text-align: center;\">\u00a0.<\/div>\n<div style=\"text-align: center;\"><\/div>\n","protected":false},"excerpt":{"rendered":"<p>Boa noite, amigos cultos e ocultos! Aqui estamos, sempre atrasados, mas nunca a ponto de perder o trem. Mineiro \u00e9 assim, perde a hora, mas n\u00e3o perde o trem. \u00d4 trem b\u00e3o! Escolhido no escuro, eis aqui o disco do &hellip; <a href=\"https:\/\/www.toque-musicall.com\/?p=3055\">Continue lendo <span class=\"meta-nav\">&rarr;<\/span><\/a><\/p>\n","protected":false},"author":1,"featured_media":0,"comment_status":"open","ping_status":"closed","sticky":false,"template":"","format":"standard","meta":{"footnotes":""},"categories":[410,396,449,516,2145,549,2106,346],"tags":[],"class_list":["post-3055","post","type-post","status-publish","format-standard","hentry","category-paulinho-nogueira","category-radames-gnattali","category-renato-de-oliveira","category-renato-de-oliveira-e-sua-orquestra","category-rolando-boldrin","category-selo-teletema-continental","category-silvio-britto-e-os-apaches","category-trilhas"],"_links":{"self":[{"href":"https:\/\/www.toque-musicall.com\/index.php?rest_route=\/wp\/v2\/posts\/3055","targetHints":{"allow":["GET"]}}],"collection":[{"href":"https:\/\/www.toque-musicall.com\/index.php?rest_route=\/wp\/v2\/posts"}],"about":[{"href":"https:\/\/www.toque-musicall.com\/index.php?rest_route=\/wp\/v2\/types\/post"}],"author":[{"embeddable":true,"href":"https:\/\/www.toque-musicall.com\/index.php?rest_route=\/wp\/v2\/users\/1"}],"replies":[{"embeddable":true,"href":"https:\/\/www.toque-musicall.com\/index.php?rest_route=%2Fwp%2Fv2%2Fcomments&post=3055"}],"version-history":[{"count":1,"href":"https:\/\/www.toque-musicall.com\/index.php?rest_route=\/wp\/v2\/posts\/3055\/revisions"}],"predecessor-version":[{"id":3056,"href":"https:\/\/www.toque-musicall.com\/index.php?rest_route=\/wp\/v2\/posts\/3055\/revisions\/3056"}],"wp:attachment":[{"href":"https:\/\/www.toque-musicall.com\/index.php?rest_route=%2Fwp%2Fv2%2Fmedia&parent=3055"}],"wp:term":[{"taxonomy":"category","embeddable":true,"href":"https:\/\/www.toque-musicall.com\/index.php?rest_route=%2Fwp%2Fv2%2Fcategories&post=3055"},{"taxonomy":"post_tag","embeddable":true,"href":"https:\/\/www.toque-musicall.com\/index.php?rest_route=%2Fwp%2Fv2%2Ftags&post=3055"}],"curies":[{"name":"wp","href":"https:\/\/api.w.org\/{rel}","templated":true}]}}