{"id":3067,"date":"2013-05-19T23:36:48","date_gmt":"2013-05-20T02:36:48","guid":{"rendered":"http:\/\/www.toque-musicall.com\/?p=3067"},"modified":"2013-05-20T22:44:37","modified_gmt":"2013-05-21T01:44:37","slug":"documentario-sonoro-do-folclore-brasileiro-n-25-28-e-35-197881","status":"publish","type":"post","link":"https:\/\/www.toque-musicall.com\/?p=3067","title":{"rendered":"Document\u00e1rio Sonoro Do Folclore Brasileiro &#8211; N. 25, 28 e 35 (1978\/81)"},"content":{"rendered":"<p><img loading=\"lazy\" decoding=\"async\" class=\"aligncenter\" src=\"http:\/\/4.bp.blogspot.com\/-zh9Xzch2P9Y\/UZlKNIdQdTI\/AAAAAAAAGbg\/JrJTjms5MF8\/s400\/capap.JPG\" alt=\"\" width=\"400\" height=\"398\" \/><img loading=\"lazy\" decoding=\"async\" class=\"aligncenter\" src=\"http:\/\/2.bp.blogspot.com\/-xtJbo90P-Ks\/UZlKFy3CcoI\/AAAAAAAAGbY\/V6FCzcgCb2Y\/s400\/contraP.JPG\" alt=\"\" width=\"400\" height=\"398\" \/><img loading=\"lazy\" decoding=\"async\" class=\"aligncenter\" src=\"http:\/\/1.bp.blogspot.com\/-Cb8TkTTYL-w\/UZlJn5ghiAI\/AAAAAAAAGbQ\/hAR7wIS-mvE\/s400\/folder.jpg\" alt=\"\" width=\"400\" height=\"395\" \/><img loading=\"lazy\" decoding=\"async\" class=\"aligncenter\" src=\"http:\/\/2.bp.blogspot.com\/-ud9lSEnQOB8\/UZlJjAwyKsI\/AAAAAAAAGbI\/2uLaA3rJQ98\/s400\/contrap.JPG\" alt=\"\" width=\"400\" height=\"396\" \/><img loading=\"lazy\" decoding=\"async\" class=\"aligncenter\" src=\"http:\/\/4.bp.blogspot.com\/-Iled8FxTX5I\/UZlJDDkCpeI\/AAAAAAAAGbA\/0jacqM9fQLk\/s400\/folder.jpg\" alt=\"\" width=\"400\" height=\"394\" \/><img loading=\"lazy\" decoding=\"async\" class=\"aligncenter\" src=\"http:\/\/2.bp.blogspot.com\/-kUnvtfYjEGg\/UZlI8-1iS4I\/AAAAAAAAGa4\/O6ob1_I6jA8\/s400\/contra+p.JPG\" alt=\"\" width=\"399\" height=\"400\" \/><\/p>\n<p>Boa noite, amigos cultos e ocultos! Com o corpo e a alma lavada (afinal o Galo \u00e9 se consagra Bicampe\u00e3o Mineiro), aqui estou eu pronto para a nossa postagem de domingo.<br \/>\nComo estivemos nos \u00faltimos dias focados na m\u00fasica regional sulista, achei por bem postar hoje aqui e de uma s\u00f3 vez, tr\u00eas compactos da s\u00e9rie &#8220;Document\u00e1rio Sonoro do Folclore Brasileiro&#8221;. Este cole\u00e7\u00e3o, toda em formato 7 polegadas, foi lan\u00e7ada durante os anos 70 e 80. Um trabalho idealizado pelo professor, antrop\u00f3logo e escritor Vicente Salles, junto \u00e0 Funarte. Ao que consta, nesse meio tempo, a Campanha de Defesa do Foclore Brasileiro lan\u00e7ou muitos disquinhos, apresentando um registro fiel das mais diversas manifesta\u00e7\u00f5es folcoloricas musicais no Brasil. Tenho aqui apenas estes tr\u00eas volumes e vou dizer, conhe\u00e7o poucos dando sopa por a\u00ed. Eu gostaria de ter essa cole\u00e7\u00e3o \ud83d\ude42 Seguem ent\u00e3o os &#8220;Congos de Saiote&#8221;, que vem l\u00e1 do Rio Grande do Norte; &#8220;Dan\u00e7a do Lel\u00ea, do Maran\u00e3o e por fim, o Fandango,\u00a0dos paulistas.<br \/>\nBom, n\u00e3o vou ficar aqui chovendo no molhado. Depois de um banho quente o que estava me faltando era uma cama. Vou nessa&#8230; e amanh\u00e3 tem mais \ud83d\ude09<\/p>\n<p>..<\/p>\n","protected":false},"excerpt":{"rendered":"<p>Boa noite, amigos cultos e ocultos! Com o corpo e a alma lavada (afinal o Galo \u00e9 se consagra Bicampe\u00e3o Mineiro), aqui estou eu pronto para a nossa postagem de domingo. Como estivemos nos \u00faltimos dias focados na m\u00fasica regional &hellip; <a href=\"https:\/\/www.toque-musicall.com\/?p=3067\">Continue lendo <span class=\"meta-nav\">&rarr;<\/span><\/a><\/p>\n","protected":false},"author":1,"featured_media":0,"comment_status":"open","ping_status":"closed","sticky":false,"template":"","format":"standard","meta":{"footnotes":""},"categories":[2149,600],"tags":[],"class_list":["post-3067","post","type-post","status-publish","format-standard","hentry","category-documentario-sonoro-do-folclore-brasileiro","category-selo-funarte"],"_links":{"self":[{"href":"https:\/\/www.toque-musicall.com\/index.php?rest_route=\/wp\/v2\/posts\/3067","targetHints":{"allow":["GET"]}}],"collection":[{"href":"https:\/\/www.toque-musicall.com\/index.php?rest_route=\/wp\/v2\/posts"}],"about":[{"href":"https:\/\/www.toque-musicall.com\/index.php?rest_route=\/wp\/v2\/types\/post"}],"author":[{"embeddable":true,"href":"https:\/\/www.toque-musicall.com\/index.php?rest_route=\/wp\/v2\/users\/1"}],"replies":[{"embeddable":true,"href":"https:\/\/www.toque-musicall.com\/index.php?rest_route=%2Fwp%2Fv2%2Fcomments&post=3067"}],"version-history":[{"count":4,"href":"https:\/\/www.toque-musicall.com\/index.php?rest_route=\/wp\/v2\/posts\/3067\/revisions"}],"predecessor-version":[{"id":3069,"href":"https:\/\/www.toque-musicall.com\/index.php?rest_route=\/wp\/v2\/posts\/3067\/revisions\/3069"}],"wp:attachment":[{"href":"https:\/\/www.toque-musicall.com\/index.php?rest_route=%2Fwp%2Fv2%2Fmedia&parent=3067"}],"wp:term":[{"taxonomy":"category","embeddable":true,"href":"https:\/\/www.toque-musicall.com\/index.php?rest_route=%2Fwp%2Fv2%2Fcategories&post=3067"},{"taxonomy":"post_tag","embeddable":true,"href":"https:\/\/www.toque-musicall.com\/index.php?rest_route=%2Fwp%2Fv2%2Ftags&post=3067"}],"curies":[{"name":"wp","href":"https:\/\/api.w.org\/{rel}","templated":true}]}}