{"id":3086,"date":"2013-05-25T21:20:45","date_gmt":"2013-05-26T00:20:45","guid":{"rendered":"http:\/\/www.toque-musicall.com\/?p=3086"},"modified":"2013-05-25T21:20:45","modified_gmt":"2013-05-26T00:20:45","slug":"alaide-costa-joia-moderna-1961","status":"publish","type":"post","link":"https:\/\/www.toque-musicall.com\/?p=3086","title":{"rendered":"Alaide Costa &#8211; J\u00f3ia Moderna (1961)"},"content":{"rendered":"<p><img loading=\"lazy\" decoding=\"async\" class=\"aligncenter\" src=\"http:\/\/2.bp.blogspot.com\/-dQVZxp1T764\/UaFI2YQOc_I\/AAAAAAAAGdY\/OzdjC5p6lvo\/s400\/capap.JPG\" alt=\"\" width=\"384\" height=\"400\" \/><img loading=\"lazy\" decoding=\"async\" class=\"aligncenter\" src=\"http:\/\/4.bp.blogspot.com\/-pHWztCScBqc\/UaFI6SJ5N9I\/AAAAAAAAGdg\/69ngm0mh9MY\/s400\/contra+p.JPG\" alt=\"\" width=\"400\" height=\"396\" \/><\/p>\n<p>Boa noite a todos! Ontem, sexta feira, eu acabei n\u00e3o fazendo nenhuma postagem. Em outros tempos isso jamais aconteceria, com chuva ou com sol, eu sempre estava l\u00e1 presente. Mas de uns tempos pra c\u00e1 vejo que essa preocupa\u00e7\u00e3o era s\u00f3 minha. Relaxei e fa\u00e7o agora tudo dentro do poss\u00edvel. Isso vale inclusive para as reposi\u00e7\u00f5es. Antes eu ficava preocupado em atender, agora continuo atendendo, mas sem press\u00e3o.\u00a0Assim, o que viria na sexta, est\u00e1 chegando agora. E claro, como sempre, coisa boa. Olha a\u00ed, mais uma vez marcando presen\u00e7a, a grande Ala\u00edde Costa!<br \/>\nTemos aqui &#8220;Ala\u00edde, J\u00f3ia Moderna&#8221;, outro \u00e1lbum maravilhoso da cantora e tamb\u00e9m compositora. Neste lp ela marca presen\u00e7a com &#8220;Can\u00e7\u00e3o do amor sem fim&#8221;, m\u00fasica em parceria com Geraldo Vandr\u00e9. No repert\u00f3rio temos tamb\u00e9m outras tantas j\u00f3ias, uma sele\u00e7\u00e3o musical feita pela pr\u00f3pria cantora. Ali\u00e1s, no texto da contracapa Ala\u00edde nos conta todos os passos da produ\u00e7\u00e3o deste trabalho. Detalhes importantes e interssantes, coisa que todos os discos deveriam trazer. Sabemos aqui que os arranjos de todas as m\u00fasicas s\u00e3o de Baden Powell, que tamb\u00e9m toca no disco. Acompanham tamb\u00e9m a artista os irm\u00e3os Castro Neves, Paulo Tito, Copinha e o trombonista Macaxeira. Outro detalhe curioso \u00e9 a capa que traz na foto um colar, um j\u00f3ia criada pelo artista, mais conhecido como paisagista, Burle Marx. Legal, n\u00e9? \ud83d\ude42<\/p>\n<div style=\"text-align: center;\">encontro com a saudade<\/div>\n<div style=\"text-align: center;\">samba de n\u00f3s dois<\/div>\n<div style=\"text-align: center;\">se foi passado<\/div>\n<div style=\"text-align: center;\">gostar de ningu\u00e9m<\/div>\n<div style=\"text-align: center;\">s\u00f3 de mentirinha<\/div>\n<div style=\"text-align: center;\">ponto final<\/div>\n<div style=\"text-align: center;\">can\u00e7\u00e3o de amor sem fim<\/div>\n<div style=\"text-align: center;\">no mundo da lua<\/div>\n<div style=\"text-align: center;\">gosto do seu olhar<\/div>\n<div style=\"text-align: center;\">sem voc\u00ea<\/div>\n<div style=\"text-align: center;\">segue a vida em paz<\/div>\n<div style=\"text-align: center;\">l\u00e1grima<\/div>\n<div style=\"text-align: center;\"><\/div>\n<div style=\"text-align: center;\">.<\/div>\n<p style=\"text-align: center;\">\n","protected":false},"excerpt":{"rendered":"<p>Boa noite a todos! Ontem, sexta feira, eu acabei n\u00e3o fazendo nenhuma postagem. Em outros tempos isso jamais aconteceria, com chuva ou com sol, eu sempre estava l\u00e1 presente. Mas de uns tempos pra c\u00e1 vejo que essa preocupa\u00e7\u00e3o era &hellip; <a href=\"https:\/\/www.toque-musicall.com\/?p=3086\">Continue lendo <span class=\"meta-nav\">&rarr;<\/span><\/a><\/p>\n","protected":false},"author":1,"featured_media":0,"comment_status":"open","ping_status":"closed","sticky":false,"template":"","format":"standard","meta":{"footnotes":""},"categories":[700,70],"tags":[],"class_list":["post-3086","post","type-post","status-publish","format-standard","hentry","category-alaide-costa","category-selo-rca-victor"],"_links":{"self":[{"href":"https:\/\/www.toque-musicall.com\/index.php?rest_route=\/wp\/v2\/posts\/3086","targetHints":{"allow":["GET"]}}],"collection":[{"href":"https:\/\/www.toque-musicall.com\/index.php?rest_route=\/wp\/v2\/posts"}],"about":[{"href":"https:\/\/www.toque-musicall.com\/index.php?rest_route=\/wp\/v2\/types\/post"}],"author":[{"embeddable":true,"href":"https:\/\/www.toque-musicall.com\/index.php?rest_route=\/wp\/v2\/users\/1"}],"replies":[{"embeddable":true,"href":"https:\/\/www.toque-musicall.com\/index.php?rest_route=%2Fwp%2Fv2%2Fcomments&post=3086"}],"version-history":[{"count":2,"href":"https:\/\/www.toque-musicall.com\/index.php?rest_route=\/wp\/v2\/posts\/3086\/revisions"}],"predecessor-version":[{"id":3105,"href":"https:\/\/www.toque-musicall.com\/index.php?rest_route=\/wp\/v2\/posts\/3086\/revisions\/3105"}],"wp:attachment":[{"href":"https:\/\/www.toque-musicall.com\/index.php?rest_route=%2Fwp%2Fv2%2Fmedia&parent=3086"}],"wp:term":[{"taxonomy":"category","embeddable":true,"href":"https:\/\/www.toque-musicall.com\/index.php?rest_route=%2Fwp%2Fv2%2Fcategories&post=3086"},{"taxonomy":"post_tag","embeddable":true,"href":"https:\/\/www.toque-musicall.com\/index.php?rest_route=%2Fwp%2Fv2%2Ftags&post=3086"}],"curies":[{"name":"wp","href":"https:\/\/api.w.org\/{rel}","templated":true}]}}