{"id":3089,"date":"2013-05-26T23:33:38","date_gmt":"2013-05-27T02:33:38","guid":{"rendered":"http:\/\/www.toque-musicall.com\/?p=3089"},"modified":"2013-05-27T19:16:13","modified_gmt":"2013-05-27T22:16:13","slug":"fafa-lemos-para-ouvir-dancando-195","status":"publish","type":"post","link":"https:\/\/www.toque-musicall.com\/?p=3089","title":{"rendered":"Faf\u00e1 Lemos &#8211; Para Ouvir Dan\u00e7ando (1957)"},"content":{"rendered":"<p><img loading=\"lazy\" decoding=\"async\" class=\"aligncenter\" src=\"http:\/\/4.bp.blogspot.com\/-k80PR3o1vKw\/UaLDY0k1gRI\/AAAAAAAAGd4\/h1ujvF2YMT0\/s400\/capaP.JPG\" alt=\"\" width=\"400\" height=\"395\" \/><img loading=\"lazy\" decoding=\"async\" class=\"aligncenter\" src=\"http:\/\/3.bp.blogspot.com\/-hTEY10kFjSA\/UaLDUInaloI\/AAAAAAAAGdw\/h6xtkZ1R8ks\/s400\/fafa+Bp.JPG\" alt=\"\" width=\"397\" height=\"400\" \/><\/p>\n<p>Ol\u00e1 amigos cultos e ocultos! Fechando o nosso doming\u00e3o, aqui vai o post do dia, ou melhor dizendo, do fim do dia \ud83d\ude42 Ultimamente a coisa est\u00e1 assim&#8230; Acho que n\u00e3o \u00e9 s\u00f3 falta de tempo, \u00e9 des\u00e2nimo tamb\u00e9m. Espero que seja s\u00f3 uma fase. Mesmo assim, vamos tentando manter a casa em p\u00e9, n\u00e9?<br \/>\nHoje eu trago para voc\u00eas o violinista Faf\u00e1 Lemos, um insturmentista que dedicou seu violino a servi\u00e7o da m\u00fasica popular. Ao lado de Garoto e Chiquinho do Acordeon, formou o Trio Surdina. Fez parte do conjunto que acompanhava Carmem Miranda nos Estados Unidos. Embora fosse um m\u00fasico de forma\u00e7\u00e3o erudita, focou seu trabalho na m\u00fasica popular. Faf\u00e1 gravou diversos discos ao longo de sua carreira. Entre esses temos &#8220;Para ouvir dan\u00e7ando&#8221;, lp de dez polegadas, lan\u00e7ado pela RCA Victor em 1957. Aqui iremos encontrar oito fonogramas gravados originalmente e lan\u00e7ados em 78 rpm. Al\u00edas, isso era uma das coisas mais comuns naquela \u00e9poca. Eram os fonogramas sendo transferidos para um novo suporte, ent\u00e3o o lp de dez polegadas, com at\u00e9 oito faixas! Temos ent\u00e3o&#8230;<\/p>\n<div style=\"text-align: center;\">meu guarda chuva<\/div>\n<div style=\"text-align: center;\">granfino<\/div>\n<div style=\"text-align: center;\">meu panam\u00e1<\/div>\n<div style=\"text-align: center;\">rosita<\/div>\n<div style=\"text-align: center;\">canarinho feliz<\/div>\n<div style=\"text-align: center;\">jo\u00e3ozinho boa pinta<\/div>\n<div style=\"text-align: center;\">cigano no bai\u00e3o<\/div>\n<div style=\"text-align: center;\">se algu\u00e9m disser<\/div>\n<div style=\"text-align: center;\"><\/div>\n<div style=\"text-align: center;\">.<\/div>\n<div style=\"text-align: center;\"><\/div>\n","protected":false},"excerpt":{"rendered":"<p>Ol\u00e1 amigos cultos e ocultos! Fechando o nosso doming\u00e3o, aqui vai o post do dia, ou melhor dizendo, do fim do dia \ud83d\ude42 Ultimamente a coisa est\u00e1 assim&#8230; Acho que n\u00e3o \u00e9 s\u00f3 falta de tempo, \u00e9 des\u00e2nimo tamb\u00e9m. Espero &hellip; <a href=\"https:\/\/www.toque-musicall.com\/?p=3089\">Continue lendo <span class=\"meta-nav\">&rarr;<\/span><\/a><\/p>\n","protected":false},"author":1,"featured_media":0,"comment_status":"open","ping_status":"closed","sticky":false,"template":"","format":"standard","meta":{"footnotes":""},"categories":[743,70],"tags":[],"class_list":["post-3089","post","type-post","status-publish","format-standard","hentry","category-fafa-lemos","category-selo-rca-victor"],"_links":{"self":[{"href":"https:\/\/www.toque-musicall.com\/index.php?rest_route=\/wp\/v2\/posts\/3089","targetHints":{"allow":["GET"]}}],"collection":[{"href":"https:\/\/www.toque-musicall.com\/index.php?rest_route=\/wp\/v2\/posts"}],"about":[{"href":"https:\/\/www.toque-musicall.com\/index.php?rest_route=\/wp\/v2\/types\/post"}],"author":[{"embeddable":true,"href":"https:\/\/www.toque-musicall.com\/index.php?rest_route=\/wp\/v2\/users\/1"}],"replies":[{"embeddable":true,"href":"https:\/\/www.toque-musicall.com\/index.php?rest_route=%2Fwp%2Fv2%2Fcomments&post=3089"}],"version-history":[{"count":4,"href":"https:\/\/www.toque-musicall.com\/index.php?rest_route=\/wp\/v2\/posts\/3089\/revisions"}],"predecessor-version":[{"id":3094,"href":"https:\/\/www.toque-musicall.com\/index.php?rest_route=\/wp\/v2\/posts\/3089\/revisions\/3094"}],"wp:attachment":[{"href":"https:\/\/www.toque-musicall.com\/index.php?rest_route=%2Fwp%2Fv2%2Fmedia&parent=3089"}],"wp:term":[{"taxonomy":"category","embeddable":true,"href":"https:\/\/www.toque-musicall.com\/index.php?rest_route=%2Fwp%2Fv2%2Fcategories&post=3089"},{"taxonomy":"post_tag","embeddable":true,"href":"https:\/\/www.toque-musicall.com\/index.php?rest_route=%2Fwp%2Fv2%2Ftags&post=3089"}],"curies":[{"name":"wp","href":"https:\/\/api.w.org\/{rel}","templated":true}]}}