{"id":3099,"date":"2013-05-29T23:11:15","date_gmt":"2013-05-30T02:11:15","guid":{"rendered":"http:\/\/www.toque-musicall.com\/?p=3099"},"modified":"2013-05-29T23:11:15","modified_gmt":"2013-05-30T02:11:15","slug":"cyro-monteiro-100-anos-coletanea-comemorativa-toque-musical-2013","status":"publish","type":"post","link":"https:\/\/www.toque-musicall.com\/?p=3099","title":{"rendered":"Cyro Monteiro &#8211; 100 Anos &#8211; Colet\u00e2nea Comemorativa Toque Musical (2013)"},"content":{"rendered":"<p><img loading=\"lazy\" decoding=\"async\" class=\"aligncenter\" src=\"http:\/\/4.bp.blogspot.com\/-fV2bz8jbmR0\/Uaa0Bpg8R2I\/AAAAAAAAGf0\/Evt6s6BHNtM\/s640\/CAPAp.JPG\" alt=\"\" width=\"640\" height=\"640\" \/><img loading=\"lazy\" decoding=\"async\" class=\"aligncenter\" src=\"http:\/\/4.bp.blogspot.com\/-fTW6RMgfE08\/Uaaz9a_R3UI\/AAAAAAAAGfs\/VgFM7nGbmo4\/s640\/contraCAPAp.JPG\" alt=\"\" width=\"640\" height=\"640\" \/><\/p>\n<div>\n<div>Boa noite, amigos cultos e ocultos! Ontem, dia 28, eu por descuido, deixei passar em branco a comemora\u00e7\u00e3o de centen\u00e1rio de Cyro Monteiro. Se estivesse vivo, estaria completando 100 anos. Como foi dito por alguns, nesta data poucos foram aqueles que lembraram do grande artista. Afinal, Cyro Monteiro n\u00e3o foi apenas mais um cantor de samba. Muito ali\u00e1s, foi cantor e compositor. Teve uma atua\u00e7\u00e3o marcante na m\u00fasica popular brasileira, sendo respons\u00e1vel por in\u00fameros sambas de sucessos, que se tornaram cl\u00e1ssicos.<\/div>\n<div>Para celebrar este centen\u00e1rio, montei aqui agora, meio \u00e0s pressas, essa colet\u00e2nea, trazendo doze momentos ainda da fase do bolach\u00e3o. Cyro Monteiro at\u00e9 merecia mais, uma colet\u00e2nea de peso, equivalente a um \u00e1lbum triplo. Mas para que tenhamos em outras oportunidades novas postagens com o artista, vou limitando a sele\u00e7\u00e3o, que por certo ir\u00e1 agradar. Vamos conferir?<\/div>\n<div><\/div>\n<div>.<\/div>\n<div><\/div>\n<\/div>\n<div><\/div>\n","protected":false},"excerpt":{"rendered":"<p>Boa noite, amigos cultos e ocultos! Ontem, dia 28, eu por descuido, deixei passar em branco a comemora\u00e7\u00e3o de centen\u00e1rio de Cyro Monteiro. Se estivesse vivo, estaria completando 100 anos. Como foi dito por alguns, nesta data poucos foram aqueles &hellip; <a href=\"https:\/\/www.toque-musicall.com\/?p=3099\">Continue lendo <span class=\"meta-nav\">&rarr;<\/span><\/a><\/p>\n","protected":false},"author":1,"featured_media":0,"comment_status":"open","ping_status":"closed","sticky":false,"template":"","format":"standard","meta":{"footnotes":""},"categories":[2153,226,11],"tags":[],"class_list":["post-3099","post","type-post","status-publish","format-standard","hentry","category-coletanea-cyro-monteiro","category-cyro-monteiro","category-exclusivos-do-toque-musical"],"_links":{"self":[{"href":"https:\/\/www.toque-musicall.com\/index.php?rest_route=\/wp\/v2\/posts\/3099","targetHints":{"allow":["GET"]}}],"collection":[{"href":"https:\/\/www.toque-musicall.com\/index.php?rest_route=\/wp\/v2\/posts"}],"about":[{"href":"https:\/\/www.toque-musicall.com\/index.php?rest_route=\/wp\/v2\/types\/post"}],"author":[{"embeddable":true,"href":"https:\/\/www.toque-musicall.com\/index.php?rest_route=\/wp\/v2\/users\/1"}],"replies":[{"embeddable":true,"href":"https:\/\/www.toque-musicall.com\/index.php?rest_route=%2Fwp%2Fv2%2Fcomments&post=3099"}],"version-history":[{"count":1,"href":"https:\/\/www.toque-musicall.com\/index.php?rest_route=\/wp\/v2\/posts\/3099\/revisions"}],"predecessor-version":[{"id":3100,"href":"https:\/\/www.toque-musicall.com\/index.php?rest_route=\/wp\/v2\/posts\/3099\/revisions\/3100"}],"wp:attachment":[{"href":"https:\/\/www.toque-musicall.com\/index.php?rest_route=%2Fwp%2Fv2%2Fmedia&parent=3099"}],"wp:term":[{"taxonomy":"category","embeddable":true,"href":"https:\/\/www.toque-musicall.com\/index.php?rest_route=%2Fwp%2Fv2%2Fcategories&post=3099"},{"taxonomy":"post_tag","embeddable":true,"href":"https:\/\/www.toque-musicall.com\/index.php?rest_route=%2Fwp%2Fv2%2Ftags&post=3099"}],"curies":[{"name":"wp","href":"https:\/\/api.w.org\/{rel}","templated":true}]}}