{"id":31,"date":"2012-06-15T02:08:00","date_gmt":"2012-06-15T02:08:00","guid":{"rendered":"http:\/\/www.toque-musicall.com\/?p=31"},"modified":"2012-06-15T02:08:00","modified_gmt":"2012-06-15T02:08:00","slug":"aum-soham-2009","status":"publish","type":"post","link":"https:\/\/www.toque-musicall.com\/?p=31","title":{"rendered":"Aum Soham (2009)"},"content":{"rendered":"<div style=\"clear: both; text-align: center;\"><a href=\"http:\/\/4.bp.blogspot.com\/-53G74znLBUA\/T9qJJ_8xNqI\/AAAAAAAAC1U\/0B3i1kmVFSU\/s1600\/aum+FP.JPG\" style=\"margin-left: 1em; margin-right: 1em;\"><img loading=\"lazy\" decoding=\"async\" border=\"0\" height=\"368\" src=\"http:\/\/4.bp.blogspot.com\/-53G74znLBUA\/T9qJJ_8xNqI\/AAAAAAAAC1U\/0B3i1kmVFSU\/s400\/aum+FP.JPG\" width=\"400\" \/><\/a><\/div>\n<div style=\"clear: both; text-align: center;\"><a href=\"http:\/\/2.bp.blogspot.com\/-YCa7t8Lax7o\/T9qJEaQT4oI\/AAAAAAAAC1M\/iRna4JOBSoc\/s1600\/aum+Bp.JPG\" style=\"margin-left: 1em; margin-right: 1em;\"><img loading=\"lazy\" decoding=\"async\" border=\"0\" height=\"378\" src=\"http:\/\/2.bp.blogspot.com\/-YCa7t8Lax7o\/T9qJEaQT4oI\/AAAAAAAAC1M\/iRna4JOBSoc\/s400\/aum+Bp.JPG\" width=\"400\" \/><\/a><\/div>\n<p>Boa noite, meus prezados! Inicialmente, quero avisar a todos que a vers\u00e3o Toque Musical pelo WordPress est\u00e1 agora fechada ao p\u00fablico. Achei melhor fazer dessa forma, evitando deixar os desatentos ainda mais confusos. T\u00ednhamos, at\u00e9 ent\u00e3o, quatro vers\u00f5es do TM na rede. Uma fartura que tem l\u00e1 suas raz\u00f5es. Por\u00e9m, em julho, faremos uma pausa para as f\u00e9rias e tamb\u00e9m para as mudan\u00e7as definitivas, como eu j\u00e1 havia comentando aqui. Completando 5 anos de atua\u00e7\u00e3o, o Toque Musical passar\u00e1 a ter o seu espa\u00e7o pr\u00f3prio, sem mais sofrer amea\u00e7as de cortes como v\u00e1rias vezes j\u00e1 ocorreu. Continuaremos mantendo a mesma pol\u00edtica de acesso, atrav\u00e9s do GTM. Fiquem ligados, leiam os toques para n\u00e3o se perderem.<br \/>Dando sequ\u00eancia \u00e0 essa semana do alternativo independente, vamos com mais um artista que merece ser ouvido com outros olhos. Apresento a voc\u00eas Aum Soham, artista mineiro com uma forma\u00e7\u00e3o multifacetada em artes pl\u00e1sticas, dan\u00e7a, literatura, fotografia e m\u00fasica. Sua atua\u00e7\u00e3o na m\u00fasica come\u00e7a a partir dos anos 80, em S\u00e3o Paulo, na efervec\u00eancia da chamada &#8220;Vanguarda Paulista&#8221;. Seu trabalho se iniciou no uso da tecnologia aplicada \u00e0 m\u00fasica, explorando diferentes recursos vocais numa est\u00e9tica n\u00e3o muito convencional. Nessa \u00e9poca, se apresentou em diversos espa\u00e7os culturais de Sampa, Como no Teatro Lira Paulistana, Sesc Anchieta, Centro Cultural de SP, entre outros&#8230;<br \/>Repleto de experimentalismo vocais e inova\u00e7\u00f5es sonoras, o EP &#8220;Aum Soham&#8221; nos apresenta um mix de elementos eletr\u00f4nicos e ac\u00fasticos em composi\u00e7\u00f5es onde a voz transmutada e em incont\u00e1veis sonoridades e ruidos, alcan\u00e7a uma nova caracter\u00edstica, com resultados surpreendentes. &#8220;\u00c9 incr\u00edvel perceber, por exemplo, que os sons de \u00e1gua pingando numa suposta caverna, no final da faixa &#8220;Douan&#8221;, tenha sido \u00a0produzido pelo artista, apenas com ru\u00eddos de saliva, respira\u00e7\u00e3o e estalos de l\u00edngua&#8221;<br \/>&#8220;Aum Soham&#8221; foi lan\u00e7ado primeiro no mercado americano, em 2008 e posteriormente em S\u00e3o Paulo e Belo Horizonte. Aqui vamos encontrar duas m\u00fasicas, &#8220;C\u00e2nticos&#8221; e &#8220;Douan&#8221; e suas vers\u00f5es remixadas. Inclu\u00ed tamb\u00e9m, em forma de b\u00f4nus, uma nova vers\u00e3o de &#8220;Canticos&#8221;, feita pelo artista para um clipe com imagens de filmes do Zeitgeist. Quem quiser conferir, \u00e9 s\u00f3 dar um toque. T\u00e1 na m\u00e3o, t\u00e1 no GTM \ud83d\ude42<\/p>\n<div style=\"text-align: center;\">c\u00e2ntico (original remix)<\/div>\n<div style=\"text-align: center;\">douan (original remix)<\/div>\n<div style=\"text-align: center;\">douan<\/div>\n<div style=\"text-align: center;\">c\u00e2ntico<\/div>\n<div style=\"text-align: center;\">c\u00e2ntico (remix zeitgeist movie)<\/div>\n<p><\/p>\n","protected":false},"excerpt":{"rendered":"<p>Boa noite, meus prezados! Inicialmente, quero avisar a todos que a vers\u00e3o Toque Musical pelo WordPress est\u00e1 agora fechada ao p\u00fablico. Achei melhor fazer dessa forma, evitando deixar os desatentos ainda mais confusos. T\u00ednhamos, at\u00e9 ent\u00e3o, quatro vers\u00f5es do TM &hellip; <a href=\"https:\/\/www.toque-musicall.com\/?p=31\">Continue lendo <span class=\"meta-nav\">&rarr;<\/span><\/a><\/p>\n","protected":false},"author":1,"featured_media":0,"comment_status":"open","ping_status":"closed","sticky":false,"template":"","format":"standard","meta":{"footnotes":""},"categories":[26,25],"tags":[],"class_list":["post-31","post","type-post","status-publish","format-standard","hentry","category-aum-soham","category-selo-independente"],"_links":{"self":[{"href":"https:\/\/www.toque-musicall.com\/index.php?rest_route=\/wp\/v2\/posts\/31","targetHints":{"allow":["GET"]}}],"collection":[{"href":"https:\/\/www.toque-musicall.com\/index.php?rest_route=\/wp\/v2\/posts"}],"about":[{"href":"https:\/\/www.toque-musicall.com\/index.php?rest_route=\/wp\/v2\/types\/post"}],"author":[{"embeddable":true,"href":"https:\/\/www.toque-musicall.com\/index.php?rest_route=\/wp\/v2\/users\/1"}],"replies":[{"embeddable":true,"href":"https:\/\/www.toque-musicall.com\/index.php?rest_route=%2Fwp%2Fv2%2Fcomments&post=31"}],"version-history":[{"count":0,"href":"https:\/\/www.toque-musicall.com\/index.php?rest_route=\/wp\/v2\/posts\/31\/revisions"}],"wp:attachment":[{"href":"https:\/\/www.toque-musicall.com\/index.php?rest_route=%2Fwp%2Fv2%2Fmedia&parent=31"}],"wp:term":[{"taxonomy":"category","embeddable":true,"href":"https:\/\/www.toque-musicall.com\/index.php?rest_route=%2Fwp%2Fv2%2Fcategories&post=31"},{"taxonomy":"post_tag","embeddable":true,"href":"https:\/\/www.toque-musicall.com\/index.php?rest_route=%2Fwp%2Fv2%2Ftags&post=31"}],"curies":[{"name":"wp","href":"https:\/\/api.w.org\/{rel}","templated":true}]}}