{"id":310,"date":"2011-09-18T09:38:00","date_gmt":"2011-09-18T09:38:00","guid":{"rendered":"http:\/\/www.toque-musicall.com\/?p=310"},"modified":"2011-09-18T09:38:00","modified_gmt":"2011-09-18T09:38:00","slug":"ii-festival-de-musica-das-radios-mec-e-nacional-2010","status":"publish","type":"post","link":"https:\/\/www.toque-musicall.com\/?p=310","title":{"rendered":"II Festival De M\u00fasica Das R\u00e1dios MEC E Nacional (2010)"},"content":{"rendered":"<div style=\"clear: both; text-align: center;\"><a href=\"http:\/\/4.bp.blogspot.com\/-1gCYWZEjInA\/TnVMTY5MRCI\/AAAAAAAAIS4\/7Ri1kVJb9WU\/s1600\/folder.jpg\" style=\"margin-left: 1em; margin-right: 1em;\"><img loading=\"lazy\" decoding=\"async\" border=\"0\" height=\"382\" src=\"http:\/\/4.bp.blogspot.com\/-1gCYWZEjInA\/TnVMTY5MRCI\/AAAAAAAAIS4\/7Ri1kVJb9WU\/s400\/folder.jpg\" width=\"400\" \/><\/a><\/div>\n<p>Mais uma vez estou eu aqui de volta neste s\u00e1bado, tentando preench\u00ea-lo com outra postagem. Afinal, a Nara Rara \u00e9 boa, mas j\u00e1 estava meio batida, sei l\u00e1&#8230; Fiquei pensando que ainda caberia mais uma postagem de b\u00f4nus. Da\u00ed me lembrei desta colet\u00e2nea, reunindo as m\u00fasicas classificadas no II Festival de M\u00fasica das R\u00e1dios MEC e Nacional. Temos aqui 21 m\u00fasicas, todas muito boas, que mereceram a classifica\u00e7\u00e3o. N\u00e3o sei se neste Festival houve vencedores (primeiro, segundo e terceiros lugares). N\u00e3o encontrei na rede nenhuma informa\u00e7\u00e3o a este respeito. Estranho&#8230; O fato \u00e9 que temos aqui m\u00fasicas de qualidade, interpretadas tamb\u00e9m por gente de gabarito, compositores e int\u00e9rpretes.<br \/>&#8220;O Festival visa revelar e divvulgar grava\u00e7\u00f5es de obras musicais in\u00e9ditas, abrindo espa\u00e7o na programa\u00e7\u00e3o das R\u00e1dios MEC e Nacional par cantores, compositores, instrumentistas e arranjadores, valorizandoa produ\u00e7\u00e3o dos artistas do Rio de Janeiro.&#8221;<br \/>Agora em 2011 teremos <a href=\"http:\/\/radiomec.com.br\/3festival\/\">a terceira vers\u00e3o do Festival<\/a>, novas m\u00fasicas, novos compositores e interpretes. Entre no site para saber mais sobre esse Festival e tamb\u00e9m para votar, escolhendo a m\u00fasica que mais agrada.<\/p>\n<div style=\"text-align: center;\">vestida de luz &#8211; m\u00e1rcio lott<\/div>\n<div style=\"text-align: center;\">valsa de \u00edndio &#8211; gustavo melo e banda<\/div>\n<div style=\"text-align: center;\">baob\u00e1 &#8211; augusto martins<\/div>\n<div style=\"text-align: center;\">o que deseja a alma &#8211; marcelo lehmann<\/div>\n<div style=\"text-align: center;\">pega pra capar &#8211; quinteto vera cruz<\/div>\n<div style=\"text-align: center;\">marcas do cora\u00e7\u00e3o &#8211; carlos mariano<\/div>\n<div style=\"text-align: center;\">a cordilheira e o rio &#8211; antonio carlos mariano<\/div>\n<div style=\"text-align: center;\">canto da mata &#8211; leo gandelman<\/div>\n<div style=\"text-align: center;\">sofro sim &#8211; gabi buarque<\/div>\n<div style=\"text-align: center;\">peixada de uribaco &#8211; quinteto vera cruz<\/div>\n<div style=\"text-align: center;\">vento &#8211; gabi buarque<\/div>\n<div style=\"text-align: center;\">sob velha dire\u00e7\u00e3o &#8211; gustavo borner<\/div>\n<div style=\"text-align: center;\">o amor \u00e9 um som &#8211; augusto martins<\/div>\n<div style=\"text-align: center;\">solit\u00e1rio suspiro fiof\u00f3lico &#8211; alexandre dacosta<\/div>\n<div style=\"text-align: center;\">varandas &#8211; carlos mariano~<\/div>\n<div style=\"text-align: center;\">tango de periquitos &#8211; gustavo melo e banda<\/div>\n<div style=\"text-align: center;\">bossa chorosa &#8211; leo gandelman<\/div>\n<div style=\"text-align: center;\">na correnteza &#8211; leandro e mussa samba combo<\/div>\n<div style=\"text-align: center;\">moonlight choroneide &#8211; carlos acselradsanto de casa &#8211; patriota<\/div>\n<div style=\"text-align: center;\">doce magia &#8211; bira da vila<\/p>\n<p><\/div>\n","protected":false},"excerpt":{"rendered":"<p>Mais uma vez estou eu aqui de volta neste s\u00e1bado, tentando preench\u00ea-lo com outra postagem. Afinal, a Nara Rara \u00e9 boa, mas j\u00e1 estava meio batida, sei l\u00e1&#8230; Fiquei pensando que ainda caberia mais uma postagem de b\u00f4nus. Da\u00ed me &hellip; <a href=\"https:\/\/www.toque-musicall.com\/?p=310\">Continue lendo <span class=\"meta-nav\">&rarr;<\/span><\/a><\/p>\n","protected":false},"author":1,"featured_media":0,"comment_status":"open","ping_status":"closed","sticky":false,"template":"","format":"standard","meta":{"footnotes":""},"categories":[278,536],"tags":[],"class_list":["post-310","post","type-post","status-publish","format-standard","hentry","category-festivais","category-ii-festival-de-musica-das-radios-mec-e-nacional"],"_links":{"self":[{"href":"https:\/\/www.toque-musicall.com\/index.php?rest_route=\/wp\/v2\/posts\/310","targetHints":{"allow":["GET"]}}],"collection":[{"href":"https:\/\/www.toque-musicall.com\/index.php?rest_route=\/wp\/v2\/posts"}],"about":[{"href":"https:\/\/www.toque-musicall.com\/index.php?rest_route=\/wp\/v2\/types\/post"}],"author":[{"embeddable":true,"href":"https:\/\/www.toque-musicall.com\/index.php?rest_route=\/wp\/v2\/users\/1"}],"replies":[{"embeddable":true,"href":"https:\/\/www.toque-musicall.com\/index.php?rest_route=%2Fwp%2Fv2%2Fcomments&post=310"}],"version-history":[{"count":0,"href":"https:\/\/www.toque-musicall.com\/index.php?rest_route=\/wp\/v2\/posts\/310\/revisions"}],"wp:attachment":[{"href":"https:\/\/www.toque-musicall.com\/index.php?rest_route=%2Fwp%2Fv2%2Fmedia&parent=310"}],"wp:term":[{"taxonomy":"category","embeddable":true,"href":"https:\/\/www.toque-musicall.com\/index.php?rest_route=%2Fwp%2Fv2%2Fcategories&post=310"},{"taxonomy":"post_tag","embeddable":true,"href":"https:\/\/www.toque-musicall.com\/index.php?rest_route=%2Fwp%2Fv2%2Ftags&post=310"}],"curies":[{"name":"wp","href":"https:\/\/api.w.org\/{rel}","templated":true}]}}