{"id":3101,"date":"2013-05-30T20:52:58","date_gmt":"2013-05-30T23:52:58","guid":{"rendered":"http:\/\/www.toque-musicall.com\/?p=3101"},"modified":"2013-05-30T20:52:58","modified_gmt":"2013-05-30T23:52:58","slug":"iii-festival-internacional-da-cancao-popular-rio-1968","status":"publish","type":"post","link":"https:\/\/www.toque-musicall.com\/?p=3101","title":{"rendered":"III Festival Internacional Da Can\u00e7\u00e3o Popular Rio (1968)"},"content":{"rendered":"<p><img loading=\"lazy\" decoding=\"async\" class=\"aligncenter\" src=\"http:\/\/2.bp.blogspot.com\/-gd0KkEKjxtc\/UafPwOQFVmI\/AAAAAAAAGgY\/TB6amv-amak\/s640\/capa+P.JPG\" alt=\"\" width=\"640\" height=\"637\" \/><img loading=\"lazy\" decoding=\"async\" class=\"aligncenter\" src=\"http:\/\/2.bp.blogspot.com\/-aLUAprfaMpM\/UafPoNmv9SI\/AAAAAAAAGgQ\/xqa3jwdjkPM\/s640\/contraP.JPG\" alt=\"\" width=\"640\" height=\"632\" \/><\/p>\n<p>Boa noite, meus prezados amigos cultos e ocultos! Vou logo fazendo esta postagem aqui, pois daqui a pouco tem Galo Doido! Vamos moer os mexicanos na arena do Horto. Caiu no Horto, t\u00e1 morto! Hehehe&#8230;<br \/>\nSegue ent\u00e3o para voc\u00eas mais um disco de festival. Desta vez eu trago aqui o III Festival Internacional Da Can\u00e7\u00e3o Popular Rio, lan\u00e7ado em 1968 pelo selo Codil. Observem que a capa \u00e9 a mesma do festival do ano anterior, tamb\u00e9m j\u00e1\u00a0<a href=\"https:\/\/www.toque-musicall.com\/?p=1190\" target=\"_blank\">postado aqui<\/a>. Pela capa tamb\u00e9m podemos ver todos os int\u00e9rpretes, que nem sempre s\u00e3o os mesmos que as defenderam no Festival. Por quest\u00f5es contratuais, as m\u00fasicas acabavam sendo regravadas, com os arranjos originais, por\u00e9m na voz de um outro int\u00e9rprete. Mas no caso aqui isso em \u00a0nada \u00a0faz desmerecer o disco. Vale ouvir cada uma das faixas. Muito bom \ud83d\ude42<\/p>\n<div style=\"text-align: center;\">sabi\u00e1 &#8211; maria jos\u00e9<\/div>\n<div style=\"text-align: center;\">dan\u00e7a da rosa &#8211; quarteto 004 e tradicional jazz band<\/div>\n<div style=\"text-align: center;\">vis\u00e3o &#8211; agostinho dos santos<\/div>\n<div style=\"text-align: center;\">andan\u00e7a &#8211; antonio jo\u00e3o e maria jos\u00e9<\/div>\n<div style=\"text-align: center;\">mestre sala &#8211; reginaldo bessa<\/div>\n<div style=\"text-align: center;\">rua da aurora &#8211; stellinha egg<\/div>\n<div style=\"text-align: center;\">por causa de um amor &#8211; aloisio silva<\/div>\n<div style=\"text-align: center;\">pr\u00e1 n\u00e3o dizer que n\u00e3o falei de flores &#8211; aloisio silva<\/div>\n<div style=\"text-align: center;\">passacalha &#8211; quarteto 004<\/div>\n<div style=\"text-align: center;\">dia de vit\u00f3ria &#8211; carlos felipe<\/div>\n<div style=\"text-align: center;\">o sonho &#8211; agostinho dos santos<\/div>\n<div style=\"text-align: center;\">roteiro &#8211; lapis<\/div>\n<div style=\"text-align: center;\">raz\u00e3o de cantar &#8211; luiz eduardo<\/div>\n<div style=\"text-align: center;\">prenilunio &#8211; agostinho dos santos<\/div>\n<div style=\"text-align: center;\"><\/div>\n<div style=\"text-align: center;\">.<\/div>\n","protected":false},"excerpt":{"rendered":"<p>Boa noite, meus prezados amigos cultos e ocultos! Vou logo fazendo esta postagem aqui, pois daqui a pouco tem Galo Doido! Vamos moer os mexicanos na arena do Horto. Caiu no Horto, t\u00e1 morto! Hehehe&#8230; Segue ent\u00e3o para voc\u00eas mais &hellip; <a href=\"https:\/\/www.toque-musicall.com\/?p=3101\">Continue lendo <span class=\"meta-nav\">&rarr;<\/span><\/a><\/p>\n","protected":false},"author":1,"featured_media":0,"comment_status":"open","ping_status":"closed","sticky":false,"template":"","format":"standard","meta":{"footnotes":""},"categories":[688],"tags":[],"class_list":["post-3101","post","type-post","status-publish","format-standard","hentry","category-selo-ritmos-codil"],"_links":{"self":[{"href":"https:\/\/www.toque-musicall.com\/index.php?rest_route=\/wp\/v2\/posts\/3101","targetHints":{"allow":["GET"]}}],"collection":[{"href":"https:\/\/www.toque-musicall.com\/index.php?rest_route=\/wp\/v2\/posts"}],"about":[{"href":"https:\/\/www.toque-musicall.com\/index.php?rest_route=\/wp\/v2\/types\/post"}],"author":[{"embeddable":true,"href":"https:\/\/www.toque-musicall.com\/index.php?rest_route=\/wp\/v2\/users\/1"}],"replies":[{"embeddable":true,"href":"https:\/\/www.toque-musicall.com\/index.php?rest_route=%2Fwp%2Fv2%2Fcomments&post=3101"}],"version-history":[{"count":1,"href":"https:\/\/www.toque-musicall.com\/index.php?rest_route=\/wp\/v2\/posts\/3101\/revisions"}],"predecessor-version":[{"id":3102,"href":"https:\/\/www.toque-musicall.com\/index.php?rest_route=\/wp\/v2\/posts\/3101\/revisions\/3102"}],"wp:attachment":[{"href":"https:\/\/www.toque-musicall.com\/index.php?rest_route=%2Fwp%2Fv2%2Fmedia&parent=3101"}],"wp:term":[{"taxonomy":"category","embeddable":true,"href":"https:\/\/www.toque-musicall.com\/index.php?rest_route=%2Fwp%2Fv2%2Fcategories&post=3101"},{"taxonomy":"post_tag","embeddable":true,"href":"https:\/\/www.toque-musicall.com\/index.php?rest_route=%2Fwp%2Fv2%2Ftags&post=3101"}],"curies":[{"name":"wp","href":"https:\/\/api.w.org\/{rel}","templated":true}]}}