{"id":3106,"date":"2013-06-01T19:49:42","date_gmt":"2013-06-01T22:49:42","guid":{"rendered":"http:\/\/www.toque-musicall.com\/?p=3106"},"modified":"2013-06-01T19:49:42","modified_gmt":"2013-06-01T22:49:42","slug":"hebe-camargo-hebe-comanda-o-espetaculo-1961","status":"publish","type":"post","link":"https:\/\/www.toque-musicall.com\/?p=3106","title":{"rendered":"Hebe Camargo &#8211; Hebe Comanda O Espet\u00e1culo (1961)"},"content":{"rendered":"<p><img loading=\"lazy\" decoding=\"async\" class=\"aligncenter\" src=\"http:\/\/3.bp.blogspot.com\/-MeJ9T9GaL-g\/Uapr83QD1KI\/AAAAAAAAGhI\/vvBIw8u5OEQ\/s640\/capa+P.JPG\" alt=\"\" width=\"640\" height=\"636\" \/><img loading=\"lazy\" decoding=\"async\" class=\"aligncenter\" src=\"http:\/\/3.bp.blogspot.com\/-LmBH8lgTWf8\/Uapr2DapQbI\/AAAAAAAAGhA\/4xAvcJaSQe4\/s640\/contrap.JPG\" alt=\"\" width=\"636\" height=\"640\" \/><\/p>\n<p>Boa noite, amigos cultos e ocultos! Eu reservei para hoje, s\u00e1bado a noite, um encontro de voc\u00eas com a Hebe Camargo. Olha a\u00ed, que programa legal! Vai ficar em casa? Ent\u00e3o se junte a essa turma que ela traz para o seu sof\u00e1.<br \/>\nTemos aqui um curioso disco da Odeon, lan\u00e7ado em 1961 pela Odeon. J\u00e1 nessa \u00e9poca a Hebe fazia sucesso como apresentadora. A cantora j\u00e1 tinha at\u00e9 o seu sof\u00e1, onde recebia os ilustres artistas. Foi nessa onda que a gravadora resolveu lan\u00e7ar este disco no qual a cantora nos apresenta alguns artistas, obviamente, do seu &#8216;cast&#8217;. Como se pode ver pela divertida capa, temos a Hebe Camargo ao lado de Isaura Garcia, Walter Wanderley, Francisco Egydio, Osny Silva, Pery Ribeiro, Germano Mathias, Celly e Tony Campello. Cada qual em seu momento apresenta uma m\u00fasica, sendo essas faixas extra\u00eddas de seus \u00e1lbuns, na \u00e9poca. De original aqui, creio, s\u00f3 mesmo o di\u00e1logo entre os artistas, dando a parecer como no programa de televis\u00e3o.<\/p>\n<div style=\"text-align: center;\">cantiga de quem est\u00e1 s\u00f3 &#8211; pery ribeiro<\/div>\n<div style=\"text-align: center;\">faz-me rir &#8211; hebe camargo<\/div>\n<div style=\"text-align: center;\">quem quiser encontrar o amor &#8211; walter wanderley<\/div>\n<div style=\"text-align: center;\">desse amor melhor &#8211; hebe camargo<\/div>\n<div style=\"text-align: center;\">can\u00e1rio &#8211; celly e tony campello<\/div>\n<div style=\"text-align: center;\">no domingo n\u00e3o &#8211; hebe camargo<\/div>\n<div style=\"text-align: center;\">s\u00f3 em teus bra\u00e7os &#8211; isaura garcia<\/div>\n<div style=\"text-align: center;\">s\u00e3o francisco &#8211; hebe camargo<\/div>\n<div style=\"text-align: center;\">maria rosa &#8211; francisco egydio<\/div>\n<div style=\"text-align: center;\">eu tenho adora\u00e7\u00e3o pelos meus olhos &#8211; hebe camargo<\/div>\n<div style=\"text-align: center;\">bonitona do 1. andar &#8211; germano mathias<\/div>\n<div style=\"text-align: center;\">el dia em que me queiras &#8211; osny silva e hebe camargo<\/div>\n<div><\/div>\n<div>.<\/div>\n","protected":false},"excerpt":{"rendered":"<p>Boa noite, amigos cultos e ocultos! Eu reservei para hoje, s\u00e1bado a noite, um encontro de voc\u00eas com a Hebe Camargo. Olha a\u00ed, que programa legal! Vai ficar em casa? Ent\u00e3o se junte a essa turma que ela traz para &hellip; <a href=\"https:\/\/www.toque-musicall.com\/?p=3106\">Continue lendo <span class=\"meta-nav\">&rarr;<\/span><\/a><\/p>\n","protected":false},"author":1,"featured_media":0,"comment_status":"open","ping_status":"closed","sticky":false,"template":"","format":"standard","meta":{"footnotes":""},"categories":[1919,679,272,1557,713,1631,250,86,1917,286],"tags":[],"class_list":["post-3106","post","type-post","status-publish","format-standard","hentry","category-celly-campello","category-francisco-egydio","category-germano-mathias","category-hebe-camargo","category-isaura-garcia","category-osny-silva","category-pery-ribeiro","category-selo-odeon","category-tony-campello","category-walter-wanderley"],"_links":{"self":[{"href":"https:\/\/www.toque-musicall.com\/index.php?rest_route=\/wp\/v2\/posts\/3106","targetHints":{"allow":["GET"]}}],"collection":[{"href":"https:\/\/www.toque-musicall.com\/index.php?rest_route=\/wp\/v2\/posts"}],"about":[{"href":"https:\/\/www.toque-musicall.com\/index.php?rest_route=\/wp\/v2\/types\/post"}],"author":[{"embeddable":true,"href":"https:\/\/www.toque-musicall.com\/index.php?rest_route=\/wp\/v2\/users\/1"}],"replies":[{"embeddable":true,"href":"https:\/\/www.toque-musicall.com\/index.php?rest_route=%2Fwp%2Fv2%2Fcomments&post=3106"}],"version-history":[{"count":1,"href":"https:\/\/www.toque-musicall.com\/index.php?rest_route=\/wp\/v2\/posts\/3106\/revisions"}],"predecessor-version":[{"id":3107,"href":"https:\/\/www.toque-musicall.com\/index.php?rest_route=\/wp\/v2\/posts\/3106\/revisions\/3107"}],"wp:attachment":[{"href":"https:\/\/www.toque-musicall.com\/index.php?rest_route=%2Fwp%2Fv2%2Fmedia&parent=3106"}],"wp:term":[{"taxonomy":"category","embeddable":true,"href":"https:\/\/www.toque-musicall.com\/index.php?rest_route=%2Fwp%2Fv2%2Fcategories&post=3106"},{"taxonomy":"post_tag","embeddable":true,"href":"https:\/\/www.toque-musicall.com\/index.php?rest_route=%2Fwp%2Fv2%2Ftags&post=3106"}],"curies":[{"name":"wp","href":"https:\/\/api.w.org\/{rel}","templated":true}]}}