{"id":311,"date":"2011-09-17T20:13:00","date_gmt":"2011-09-17T20:13:00","guid":{"rendered":"http:\/\/www.toque-musicall.com\/?p=311"},"modified":"2011-09-17T20:13:00","modified_gmt":"2011-09-17T20:13:00","slug":"nara-leao-nara-rara-coletanea-toque-musical-2011","status":"publish","type":"post","link":"https:\/\/www.toque-musicall.com\/?p=311","title":{"rendered":"Nara Le\u00e3o &#8211; Nara Rara &#8211; Colet\u00e2nea Toque Musical (2011)"},"content":{"rendered":"<div style=\"clear: both; text-align: center;\"><a href=\"http:\/\/4.bp.blogspot.com\/-bmK4qPE6omY\/TnT3AdN6ScI\/AAAAAAAAIS0\/mUWsnUwapz4\/s1600\/nara+P.JPG\" style=\"margin-left: 1em; margin-right: 1em;\"><img loading=\"lazy\" decoding=\"async\" border=\"0\" height=\"400\" src=\"http:\/\/4.bp.blogspot.com\/-bmK4qPE6omY\/TnT3AdN6ScI\/AAAAAAAAIS0\/mUWsnUwapz4\/s400\/nara+P.JPG\" width=\"388\" \/><\/a><\/div>\n<p>Ol\u00e1 amigos cultos e ocultos! Hoje, s\u00e1bado, dia de colet\u00e2nea, estou trazendo de volta esta colet\u00e2nea da Nara Le\u00e3o que eu havia feito e postado h\u00e1 pouco mais de um m\u00eas e que misteriosamente foi (totalmente) removida do blog. Essa eu n\u00e3o consegui resgatar nem no rascunho. Pelo jeito que as coisas v\u00e3o, pelas nuvens cinzas que pairam no nosso c\u00e9u musical, n\u00e3o demora muito as &#8216;emin\u00eancias pardas&#8217; bloquearem o nosso Toque Musical de vez. Felizmente eu j\u00e1 fiz uns tr\u00eas clones dele, prontos para entrar no ar assim que o bicho come\u00e7ar a pegar por aqui.<br \/>Estou postando novamente essa minha colet\u00e2nea, que com certeza corre o risco de ser novamente deletada. Mas desta vez o papo aqui continua no Grupo do Toque Musical. Quem quiser baixar e ouvir essa colet\u00e2nea, vai ter ser atrav\u00e9s desse novo canal de comunica\u00e7\u00e3o. Quem ainda n\u00e3o se inscreveu, basta faz\u00ea-lo usando a caixa do Grupos Google que se encontra na barra lateral do blog.<br \/>Segue ent\u00e3o a Nara Le\u00e3o com uma sele\u00e7\u00e3o de 26 momentos raros. M\u00fasicas e grava\u00e7\u00f5es que n\u00e3o se encontram juntas facilmente. Um tipo de compila\u00e7\u00e3o musical que teria sido um \u00f3timo projeto fonogr\u00e1fico para se lan\u00e7ar por a\u00ed. Talvez, por isso mesmo, \u00e9 que &#8216;eles&#8217; o retiraram do mapa. Mod\u00e9stia a parte, ficou mesmo muito boa.\u00a0Quem quiser conferir, j\u00e1 sabe&#8230; s\u00f3 l\u00e1 no GTM (Grupo Toque Musical).<\/p>\n<div style=\"text-align: center;\">pin\u00f3quio<\/div>\n<div style=\"text-align: center;\">menina da agulha<\/div>\n<div style=\"text-align: center;\">maria<\/div>\n<div style=\"text-align: center;\">o mundo fant\u00e1stico do uirapuru<\/div>\n<div style=\"text-align: center;\">sublime pergaminho<\/div>\n<div style=\"text-align: center;\">nordeste, seu povo, seu canto e sua gl\u00f3ria<\/div>\n<div style=\"text-align: center;\">vinte anos<\/div>\n<div style=\"text-align: center;\">pai e filho<\/div>\n<div style=\"text-align: center;\">o estrangeiro<\/div>\n<div style=\"text-align: center;\">era uma vez um jardim<\/div>\n<div style=\"text-align: center;\">dor\u00e3o do zepelin<\/div>\n<div style=\"text-align: center;\">o profeta<\/div>\n<div style=\"text-align: center;\">ta\u00ed<\/div>\n<div style=\"text-align: center;\">mal de amor<\/div>\n<div style=\"text-align: center;\">insensatez<\/div>\n<div style=\"text-align: center;\">por causa de voc\u00ea (com roberto menescal)<\/div>\n<div style=\"text-align: center;\">\u00e1udio da primeira apresenta\u00e7\u00e3o de nara<\/div>\n<div style=\"text-align: center;\">traduzir-se (com fagner)<\/div>\n<div style=\"text-align: center;\">noite dos mascarados (com mpb-4)<\/div>\n<div style=\"text-align: center;\">duelo (com chico buarque)<\/div>\n<div style=\"text-align: center;\">joana francesa<\/div>\n<div style=\"text-align: center;\">camisa amarela<\/div>\n<div style=\"text-align: center;\">preconceito<\/div>\n<div style=\"text-align: center;\">as tears go by<\/div>\n<div style=\"text-align: center;\">a estrada e ovioleiro (com sidney miller)<\/div>\n<div style=\"text-align: center;\">pra mode chatear<\/div>\n","protected":false},"excerpt":{"rendered":"<p>Ol\u00e1 amigos cultos e ocultos! Hoje, s\u00e1bado, dia de colet\u00e2nea, estou trazendo de volta esta colet\u00e2nea da Nara Le\u00e3o que eu havia feito e postado h\u00e1 pouco mais de um m\u00eas e que misteriosamente foi (totalmente) removida do blog. Essa &hellip; <a href=\"https:\/\/www.toque-musicall.com\/?p=311\">Continue lendo <span class=\"meta-nav\">&rarr;<\/span><\/a><\/p>\n","protected":false},"author":1,"featured_media":0,"comment_status":"open","ping_status":"closed","sticky":false,"template":"","format":"standard","meta":{"footnotes":""},"categories":[537,288],"tags":[],"class_list":["post-311","post","type-post","status-publish","format-standard","hentry","category-coletanea-nara-rara-exclusiva-toque-musical","category-nara-leao"],"_links":{"self":[{"href":"https:\/\/www.toque-musicall.com\/index.php?rest_route=\/wp\/v2\/posts\/311","targetHints":{"allow":["GET"]}}],"collection":[{"href":"https:\/\/www.toque-musicall.com\/index.php?rest_route=\/wp\/v2\/posts"}],"about":[{"href":"https:\/\/www.toque-musicall.com\/index.php?rest_route=\/wp\/v2\/types\/post"}],"author":[{"embeddable":true,"href":"https:\/\/www.toque-musicall.com\/index.php?rest_route=\/wp\/v2\/users\/1"}],"replies":[{"embeddable":true,"href":"https:\/\/www.toque-musicall.com\/index.php?rest_route=%2Fwp%2Fv2%2Fcomments&post=311"}],"version-history":[{"count":0,"href":"https:\/\/www.toque-musicall.com\/index.php?rest_route=\/wp\/v2\/posts\/311\/revisions"}],"wp:attachment":[{"href":"https:\/\/www.toque-musicall.com\/index.php?rest_route=%2Fwp%2Fv2%2Fmedia&parent=311"}],"wp:term":[{"taxonomy":"category","embeddable":true,"href":"https:\/\/www.toque-musicall.com\/index.php?rest_route=%2Fwp%2Fv2%2Fcategories&post=311"},{"taxonomy":"post_tag","embeddable":true,"href":"https:\/\/www.toque-musicall.com\/index.php?rest_route=%2Fwp%2Fv2%2Ftags&post=311"}],"curies":[{"name":"wp","href":"https:\/\/api.w.org\/{rel}","templated":true}]}}