{"id":312,"date":"2011-09-16T19:58:00","date_gmt":"2011-09-16T19:58:00","guid":{"rendered":"http:\/\/www.toque-musicall.com\/?p=312"},"modified":"2011-09-16T19:58:00","modified_gmt":"2011-09-16T19:58:00","slug":"jean-claude-moulin-tete-au-bresil-a-procura-1997","status":"publish","type":"post","link":"https:\/\/www.toque-musicall.com\/?p=312","title":{"rendered":"Jean Claude Moulin &#8211; T\u00eate Au Br\u00e9sil &#8211; A Procura (1997)"},"content":{"rendered":"<div style=\"clear: both; text-align: center;\"><a href=\"http:\/\/3.bp.blogspot.com\/-zMZrnIEafU0\/TnOUYTdGShI\/AAAAAAAAISw\/gC7OJsTm0a4\/s1600\/capa.jpg\" style=\"margin-left: 1em; margin-right: 1em;\"><img loading=\"lazy\" decoding=\"async\" border=\"0\" height=\"400\" src=\"http:\/\/3.bp.blogspot.com\/-zMZrnIEafU0\/TnOUYTdGShI\/AAAAAAAAISw\/gC7OJsTm0a4\/s400\/capa.jpg\" width=\"397\" \/><\/a><\/div>\n<p>Boa tarde, amigos cultos e ocultos! Batendo na mesma tecla mais uma vez, informo aos que ainda n\u00e3o se tocaram que eu criei uma outra alternativa para aquelas postagens que haviam sido retiradas para o rascunho e depois voltaram como REPOST. Eu, anteriormente, havia informado que os interessados nessas postagens deveriam entrar em contato comigo por e-mail. Mas percebi que dessa forma eu teria muito trabalho, tendo que dar aten\u00e7\u00e3o individual a cada um dos solicitantes. Para facilitar a minha vida e a de voc\u00eas tamb\u00e9m, eu criei um grupo de discuss\u00e3o, um espa\u00e7o onde todos podem participar e de maneira mais ativa. Por l\u00e1 eu colocarei &#8216;os toques&#8217; dos REPOSTs, sem preocupa\u00e7\u00f5es ou neuras. Para participar do grupo, basta se inscrever no quadrinho lateral aqui do blog. A partir de inscritos voc\u00eas receber\u00e3o por e-mail todas as nossas atualiza\u00e7\u00f5es das postagens no grupo. Neste espa\u00e7o todos podem participar, compartilhando coment\u00e1rios, m\u00fasicas e tudo aquilo que se fizer pertinente ao nosso assunto fonomusical. Neste final de semana procurarei atualizar algumas postagens, atendendo \u00e0s solicita\u00e7\u00f5es pendentes, que infelizmente eu ainda n\u00e3o tive como corrigir. Paci\u00eancia&#8230;<br \/>E por falar em procura, aqui est\u00e1 uma que encontraram e enviaram para mim \ud83d\ude42 Me refiro a este disco, uma produ\u00e7\u00e3o independente, lan\u00e7ada na Fran\u00e7a em 1997. O que temos aqui \u00e9 um cd, enviado por um amigo culto (que insistiu em aparecer como oculto). As informa\u00e7\u00f5es que tenho sobre o disco e seus artistas s\u00e3o poucas. Limitam-se ao que me foi passado pelo meu amigo e pela ficha t\u00e9cnica do disco. Quem encabe\u00e7a o trabalho \u00e9 o m\u00fasico e professor de viol\u00e3o, Jean Claude Moulin. As m\u00fasicas s\u00e3o todas de sua autoria ou parceria. Todas tem um ar de brasilidade, m\u00fasicas certamente inspiradas no cen\u00e1rio tropical e no ritmo, entre outras bossas&#8230; Pessoalmente, achei as m\u00fasicas muito boas e bem arranjadas. Jean Claude vem acompanhado por bons m\u00fasicos que conferem ao \u00e1lbum ainda mais qualidade. Acredito que os amigos, ao ouvir, tamb\u00e9m ir\u00e3o gostar. Segundo o meu informante, as m\u00fasicas de Moulin cantadas em portugu\u00eas pela cantora francesa Anne-Marie Truffier, s\u00e3o vers\u00f5es feitas por uma brasileira, Joanas Esteves. Jean Claude tem uma p\u00e1gina no <a href=\"http:\/\/www.myspace.com\/jeanclaudemoulin\/photos\/991722#!\/jeanclaudemoulin\">MySpace<\/a>, onde os interessados poder\u00e3o fazer contato com ele e ouvir outras de suas m\u00fasicas. Confiram a\u00ed este independente e internacional artista com seu tempero brasileiro \ud83d\ude09<\/p>\n<div style=\"text-align: center;\">nuit blanche<\/div>\n<div style=\"text-align: center;\">errance<\/div>\n<div style=\"text-align: center;\">mangue, ananas et melon<\/div>\n<div style=\"text-align: center;\">a procura<\/div>\n<div style=\"text-align: center;\">le serin serein<\/div>\n<div style=\"text-align: center;\">encontro<\/div>\n<div style=\"text-align: center;\">brilho azul<\/div>\n<div style=\"text-align: center;\">alma vadia<\/div>\n<div style=\"text-align: center;\">le temps qui va<\/div>\n<div style=\"text-align: center;\">choto do bot<\/div>\n<div style=\"text-align: center;\">joana<\/div>\n<div style=\"text-align: center;\"><\/div>\n","protected":false},"excerpt":{"rendered":"<p>Boa tarde, amigos cultos e ocultos! Batendo na mesma tecla mais uma vez, informo aos que ainda n\u00e3o se tocaram que eu criei uma outra alternativa para aquelas postagens que haviam sido retiradas para o rascunho e depois voltaram como &hellip; <a href=\"https:\/\/www.toque-musicall.com\/?p=312\">Continue lendo <span class=\"meta-nav\">&rarr;<\/span><\/a><\/p>\n","protected":false},"author":1,"featured_media":0,"comment_status":"open","ping_status":"closed","sticky":false,"template":"","format":"standard","meta":{"footnotes":""},"categories":[538,25],"tags":[],"class_list":["post-312","post","type-post","status-publish","format-standard","hentry","category-jean-claude-moulin","category-selo-independente"],"_links":{"self":[{"href":"https:\/\/www.toque-musicall.com\/index.php?rest_route=\/wp\/v2\/posts\/312","targetHints":{"allow":["GET"]}}],"collection":[{"href":"https:\/\/www.toque-musicall.com\/index.php?rest_route=\/wp\/v2\/posts"}],"about":[{"href":"https:\/\/www.toque-musicall.com\/index.php?rest_route=\/wp\/v2\/types\/post"}],"author":[{"embeddable":true,"href":"https:\/\/www.toque-musicall.com\/index.php?rest_route=\/wp\/v2\/users\/1"}],"replies":[{"embeddable":true,"href":"https:\/\/www.toque-musicall.com\/index.php?rest_route=%2Fwp%2Fv2%2Fcomments&post=312"}],"version-history":[{"count":0,"href":"https:\/\/www.toque-musicall.com\/index.php?rest_route=\/wp\/v2\/posts\/312\/revisions"}],"wp:attachment":[{"href":"https:\/\/www.toque-musicall.com\/index.php?rest_route=%2Fwp%2Fv2%2Fmedia&parent=312"}],"wp:term":[{"taxonomy":"category","embeddable":true,"href":"https:\/\/www.toque-musicall.com\/index.php?rest_route=%2Fwp%2Fv2%2Fcategories&post=312"},{"taxonomy":"post_tag","embeddable":true,"href":"https:\/\/www.toque-musicall.com\/index.php?rest_route=%2Fwp%2Fv2%2Ftags&post=312"}],"curies":[{"name":"wp","href":"https:\/\/api.w.org\/{rel}","templated":true}]}}