{"id":313,"date":"2011-09-15T21:57:00","date_gmt":"2011-09-15T21:57:00","guid":{"rendered":"http:\/\/www.toque-musicall.com\/?p=313"},"modified":"2011-09-15T21:57:00","modified_gmt":"2011-09-15T21:57:00","slug":"betinho-e-seu-conjunto-o-rei-da-noite-1962","status":"publish","type":"post","link":"https:\/\/www.toque-musicall.com\/?p=313","title":{"rendered":"Betinho E Seu Conjunto &#8211; O Rei Da Noite (1962)"},"content":{"rendered":"<div style=\"clear: both; text-align: center;\"><a href=\"http:\/\/3.bp.blogspot.com\/-G053A4e3cK8\/TnIjch9bMvI\/AAAAAAAAISs\/WvEff0ehg0w\/s1600\/Betinho+P.JPG\" style=\"margin-left: 1em; margin-right: 1em;\"><img loading=\"lazy\" decoding=\"async\" border=\"0\" height=\"395\" src=\"http:\/\/3.bp.blogspot.com\/-G053A4e3cK8\/TnIjch9bMvI\/AAAAAAAAISs\/WvEff0ehg0w\/s400\/Betinho+P.JPG\" width=\"400\" \/><\/a><\/div>\n<p>Ol\u00e1, amigos cultos e ocultos! H\u00e1 pouco mais de um m\u00eas temos enfrentado aqui alguns problemas quanto \u00e0s nossas postagens. S\u00f3 agora em setembro foram retirados quase cem postagens, removidas para o rascunho, pela &#8216;equipe do Blogger&#8217;. Eles s\u00e3o pressionados por entidades internacionais que se dizem de prote\u00e7\u00e3o aos &#8216;direitos autorais&#8217;. O que me deixa intrigado \u00e9 o fato de que esta a\u00e7\u00e3o de retalhamento parte de grupos e interesses estrangeiros. Balela dizerem que est\u00e3o defendendo o direito dos artistas nacionais. Por certo nossos artistas est\u00e3o tendo mais destaque e respeito nas divulga\u00e7\u00f5es pelos blogs do que pelas gravadoras e jab\u00e1s pagos por fora. O que acontece \u00e9 aquela coisa, semelhante a uma crian\u00e7a cheia de brinquedos, que s\u00f3 d\u00e1 aten\u00e7\u00e3o para aqueles que acaba de ganhar, mas se algu\u00e9m p\u00f5e a m\u00e3o naquele antigo, que nem se ligava mais, ela corre e toma de volta. Os discos postados aqui s\u00e3o antigos, raros e, sem d\u00favida, muito importantes para a hist\u00f3ria da m\u00fasica popular brasileira e tamb\u00e9m, \u00e9 bom lembrar, para a hist\u00f3ria da ind\u00fastria fonogr\u00e1fica no Brasil. Todavia, s\u00e3o obras que j\u00e1 n\u00e3o impulsionam um investimento de produ\u00e7\u00e3o comercial, ou seja, n\u00e3o compensam serem relan\u00e7adas. Por outro lado, ningu\u00e9m mais est\u00e1 interessado em comprar cds e muito menos pagar por arquivos digitais. H\u00e1 tempos eu venho repetindo, disco, no mundo de hoje \u00e9 apenas um portif\u00f3lio, um cart\u00e3o de visitas. O fetiche, que era o maior valor agregado a um disco (me refiro ao lp), a (in)sensibilidade empresarial e de neg\u00f3cios das gravadoras fez o favor de destruir. Deram um tiro no pr\u00f3prio p\u00e9. Ao inv\u00e9s da ind\u00fastria fonogr\u00e1fica investir em empres\u00e1rios e funcion\u00e1rios que gostam e entendem de m\u00fasica, preferiram recrutar economistas que gostam de dinheiro e seus funcion\u00e1rios que juram que foi Roberto Carlos o criador da Bossa Nova. Repito, nossa arte musical foi sucateada, levaram tudo de bom e agora querem tamb\u00e9m apagar nossa mem\u00f3ria. Sinceramente, o que seria da nossa produ\u00e7\u00e3o fonogr\u00e1fica de valor, n\u00e3o fossem aqueles milhares de consumidores, colecionadores, amantes do disco, que mantiveram ao longo de anos, guardados em suas estantes, essas &#8216;rel\u00edquias sonoras&#8217;? Podem acreditar, nenhuma gravadora, editora ou coisa parecida fez quest\u00e3o de guardar fita master ou exemplares extras de suas produ\u00e7\u00f5es. Quando vemos a\u00ed algum relan\u00e7amento, principalmente produ\u00e7\u00f5es dos anos 60, em geral, foram prensados fora do Brasil e o \u00e1udio extra\u00eddo de um vinil da \u00e9poca. Os discos saem l\u00e1 fora com toda a pompa e bem valorizados, edi\u00e7\u00e3o pequena, mas o suficiente para atender a um tipo de p\u00fablico que aqui no Brasil foi deixando de existir, na medida em que a m\u00fasica passou a ser tratada apenas como um mero produto de consumo. Acho que o que leva uma DMCA da vida a patrulhar e pedir o bloqueio de postagens, como as do Toque Musical, \u00e9 simplesmente pelo receio de que os mp3 compartilhado venham a ofuscar o &#8216;neg\u00f3cinho&#8217; deles l\u00e1 fora. Gente burra e sem vis\u00e3o. Para acabar com o compartilhamento (seja l\u00e1 do que for) s\u00f3 mesmo pisando fundo no freio da Revolu\u00e7\u00e3o Digital. Vai ser dif\u00edcil parar&#8230;<br \/>Por conta de toda essa situa\u00e7\u00e3o de cortes e remo\u00e7\u00e3o de postagens (al\u00e9m dos sacanas de plant\u00e3o), foi que eu resolvi criar um outro espa\u00e7o, onde os &#8216;toques&#8217; antes bloqueados poder\u00e3o agora ser acessados livremente por todos. Atrav\u00e9s do Google Grupos, temos agora um f\u00f3rum de debates, trocas de informa\u00e7\u00f5es, ideias e muita m\u00fasica. J\u00e1 comecei a enviar os convites para voc\u00eas, os amigos cultos. Os ocultos tamb\u00e9m participam, mas s\u00f3 que nessa modalidade ter\u00e3o que assumir uma identidade. Espero que at\u00e9 o final da semana todos voc\u00eas j\u00e1 tenham sido convidados. Aqueles que por desventura n\u00e3o receberem convites, poder\u00e3o por iniciativa pr\u00f3pria se inscreverem na caixinha lateral do Googles Grupo, aqui no TM. Vamos ver se essa alternativa vai vingar. Seja todos bem vindos!<br \/>Putz! Eu j\u00e1 ia me esquecendo do disco do dia. Olha a\u00ed&#8230; Hoje temos outra raridade que certamente ir chamar a aten\u00e7\u00e3o de voc\u00eas. Tenho aqui este \u00e1lbum do Betinho, o Rei da Noite. Figura muito popular da noite paulista na d\u00e9cada de 50. Iniciou sua carreira tocando com o pai, Josu\u00e9 de Barros, ao lado da cantora Carmem Miranda. Tocou na orquestra de Carlos Machado na d\u00e9cada de 40. Com seu conjunto se apresentava na R\u00e1dio Nacional paulista e em boates da capital. Flertou com o rock, sendo considerado um dos pioneiros do g\u00eanero no Brasil. Foi tamb\u00e9m um dos primeiros guitarristas brasileiros a empunhar uma Fender. Acho que o seu maior sucesso foi a m\u00fasica &#8220;Neurast\u00eanico&#8221;, que at\u00e9 hoje, ainda, as vezes escuto algum maluco cantar. Betinho chegou a gravar v\u00e1rios discos, mas a partir dos anos 60 ele se converteu em um m\u00fasico religioso. Nos anos 70 se tornaria um mission\u00e1rio e pastor protestante.<br \/>Neste lp encontramos um repert\u00f3rio basicamente instrumental, trazendo composi\u00e7\u00f5es pr\u00f3prias, do seu pai, de Noel Rosa, Maysa, Humberto Teixeira e tamb\u00e9m sucessos internacionais. Bem divertido&#8230; <\/p>\n<div style=\"text-align: center;\">fita amarela &#8211; o orvalho vem caindo &#8211; scapricciatiello &#8211; trem \u00f4 l\u00e1 l\u00e1<\/div>\n<div style=\"text-align: center;\">i love you samantha<\/div>\n<div style=\"text-align: center;\">doce de leite<\/div>\n<div style=\"text-align: center;\">over the rainbow<\/div>\n<div style=\"text-align: center;\">a polca do v\u00e9io<\/div>\n<div style=\"text-align: center;\">ay cosita linda<\/div>\n<div style=\"text-align: center;\">ralando c\u00f4co<\/div>\n<div style=\"text-align: center;\">i&#8217;m confessing that i love you<\/div>\n<div style=\"text-align: center;\">amor, coisa estranha<\/div>\n<div style=\"text-align: center;\">nel blu dipinto di blu<\/div>\n<div style=\"text-align: center;\">choro x<\/div>\n<div style=\"text-align: center;\">meu mundo caiu<\/div>\n","protected":false},"excerpt":{"rendered":"<p>Ol\u00e1, amigos cultos e ocultos! H\u00e1 pouco mais de um m\u00eas temos enfrentado aqui alguns problemas quanto \u00e0s nossas postagens. S\u00f3 agora em setembro foram retirados quase cem postagens, removidas para o rascunho, pela &#8216;equipe do Blogger&#8217;. Eles s\u00e3o pressionados &hellip; <a href=\"https:\/\/www.toque-musicall.com\/?p=313\">Continue lendo <span class=\"meta-nav\">&rarr;<\/span><\/a><\/p>\n","protected":false},"author":1,"featured_media":0,"comment_status":"open","ping_status":"closed","sticky":false,"template":"","format":"standard","meta":{"footnotes":""},"categories":[539,152],"tags":[],"class_list":["post-313","post","type-post","status-publish","format-standard","hentry","category-betinho-o-rei-da-noite","category-selo-copacabana"],"_links":{"self":[{"href":"https:\/\/www.toque-musicall.com\/index.php?rest_route=\/wp\/v2\/posts\/313","targetHints":{"allow":["GET"]}}],"collection":[{"href":"https:\/\/www.toque-musicall.com\/index.php?rest_route=\/wp\/v2\/posts"}],"about":[{"href":"https:\/\/www.toque-musicall.com\/index.php?rest_route=\/wp\/v2\/types\/post"}],"author":[{"embeddable":true,"href":"https:\/\/www.toque-musicall.com\/index.php?rest_route=\/wp\/v2\/users\/1"}],"replies":[{"embeddable":true,"href":"https:\/\/www.toque-musicall.com\/index.php?rest_route=%2Fwp%2Fv2%2Fcomments&post=313"}],"version-history":[{"count":0,"href":"https:\/\/www.toque-musicall.com\/index.php?rest_route=\/wp\/v2\/posts\/313\/revisions"}],"wp:attachment":[{"href":"https:\/\/www.toque-musicall.com\/index.php?rest_route=%2Fwp%2Fv2%2Fmedia&parent=313"}],"wp:term":[{"taxonomy":"category","embeddable":true,"href":"https:\/\/www.toque-musicall.com\/index.php?rest_route=%2Fwp%2Fv2%2Fcategories&post=313"},{"taxonomy":"post_tag","embeddable":true,"href":"https:\/\/www.toque-musicall.com\/index.php?rest_route=%2Fwp%2Fv2%2Ftags&post=313"}],"curies":[{"name":"wp","href":"https:\/\/api.w.org\/{rel}","templated":true}]}}