{"id":3136,"date":"2013-06-11T23:59:03","date_gmt":"2013-06-12T02:59:03","guid":{"rendered":"http:\/\/www.toque-musicall.com\/?p=3136"},"modified":"2013-06-11T23:59:32","modified_gmt":"2013-06-12T02:59:32","slug":"banda-de-pifanos-caruaru-1979","status":"publish","type":"post","link":"https:\/\/www.toque-musicall.com\/?p=3136","title":{"rendered":"Banda De P\u00edfanos Caruaru (1979)"},"content":{"rendered":"<p><img loading=\"lazy\" decoding=\"async\" class=\"aligncenter\" src=\"http:\/\/2.bp.blogspot.com\/-bCe-hSR27F0\/Ubfbak_Nm1I\/AAAAAAAAGpA\/OQjdn4eU-PU\/s640\/banda+pau+e+cordas+Fp.JPG\" alt=\"\" width=\"640\" height=\"636\" \/><img loading=\"lazy\" decoding=\"async\" class=\"aligncenter\" src=\"http:\/\/1.bp.blogspot.com\/-Mq77GwN1IvE\/UbfbV6BcqeI\/AAAAAAAAGo4\/a6q-SKTgOeI\/s640\/banda+pau+e+cordas+B22p.JPG\" alt=\"\" width=\"637\" height=\"640\" \/><\/p>\n<p>Ol\u00e1 amigos cultos e ocultos! Para esta semana eu planejei postar aqui alguns discos de Festa Junina. Acontece que eu nem me lembrei, ou por outra, s\u00f3 fui pensa nisso agora. Infelizmente, no momento eu n\u00e3o tenho nada pronto, mas para compensar, j\u00e1 ressucitei algumas postagens antigas referentes aos festejos de junho. Amanh\u00e3, certamente, eu trarei novos\/velhos discos para animar a festa.<br \/>\nPara o momento e sem muito a ver com a proposta (mas tamb\u00e9m sem fugir muito da ideia), vou trazendo como toque do dia a Banda de P\u00edfanos Caruar\u00fa, em disco produzido pelo selo Marcus Pereira. A Banda de P\u00edfanos de Caruaru, ou ainda Banda de P\u00edfanos Zabumba de Caruaru \u00e9 um dos conjuntos musicais mais antigos do Brasil, surgido em Pernambuco, em 1924. Trata-se de um grupo regional de m\u00fasica instrumental do nordeste brasileiro, composta de p\u00edfanos e percuss\u00e3o.<\/p>\n<div style=\"text-align: center;\">vira folha<\/div>\n<div style=\"text-align: center;\">pipoquinha<\/div>\n<div style=\"text-align: center;\">a briga do cachorro com a on\u00e7a<\/div>\n<div style=\"text-align: center;\">macha dos bacamarteiros<\/div>\n<div style=\"text-align: center;\">xamengo dos pife<\/div>\n<div style=\"text-align: center;\">feira do troca troca<\/div>\n<div style=\"text-align: center;\">as espadas<\/div>\n<div style=\"text-align: center;\">pipoca moderna<\/div>\n<div style=\"text-align: center;\">os tupinamb\u00e1s<\/div>\n<div style=\"text-align: center;\">cavalinho caval\u00e3o<\/div>\n<div style=\"text-align: center;\">valsa da pastora<\/div>\n<div style=\"text-align: center;\">alvorada<\/div>\n<div style=\"text-align: center;\">novena<\/div>\n<div style=\"text-align: center;\"><\/div>\n<div style=\"text-align: center;\">.<\/div>\n<div style=\"text-align: center;\"><\/div>\n","protected":false},"excerpt":{"rendered":"<p>Ol\u00e1 amigos cultos e ocultos! Para esta semana eu planejei postar aqui alguns discos de Festa Junina. Acontece que eu nem me lembrei, ou por outra, s\u00f3 fui pensa nisso agora. Infelizmente, no momento eu n\u00e3o tenho nada pronto, mas &hellip; <a href=\"https:\/\/www.toque-musicall.com\/?p=3136\">Continue lendo <span class=\"meta-nav\">&rarr;<\/span><\/a><\/p>\n","protected":false},"author":1,"featured_media":0,"comment_status":"open","ping_status":"closed","sticky":false,"template":"","format":"standard","meta":{"footnotes":""},"categories":[2158,130],"tags":[],"class_list":["post-3136","post","type-post","status-publish","format-standard","hentry","category-banda-de-pifanos-caruaru","category-selo-marcus-pereira"],"_links":{"self":[{"href":"https:\/\/www.toque-musicall.com\/index.php?rest_route=\/wp\/v2\/posts\/3136","targetHints":{"allow":["GET"]}}],"collection":[{"href":"https:\/\/www.toque-musicall.com\/index.php?rest_route=\/wp\/v2\/posts"}],"about":[{"href":"https:\/\/www.toque-musicall.com\/index.php?rest_route=\/wp\/v2\/types\/post"}],"author":[{"embeddable":true,"href":"https:\/\/www.toque-musicall.com\/index.php?rest_route=\/wp\/v2\/users\/1"}],"replies":[{"embeddable":true,"href":"https:\/\/www.toque-musicall.com\/index.php?rest_route=%2Fwp%2Fv2%2Fcomments&post=3136"}],"version-history":[{"count":2,"href":"https:\/\/www.toque-musicall.com\/index.php?rest_route=\/wp\/v2\/posts\/3136\/revisions"}],"predecessor-version":[{"id":3138,"href":"https:\/\/www.toque-musicall.com\/index.php?rest_route=\/wp\/v2\/posts\/3136\/revisions\/3138"}],"wp:attachment":[{"href":"https:\/\/www.toque-musicall.com\/index.php?rest_route=%2Fwp%2Fv2%2Fmedia&parent=3136"}],"wp:term":[{"taxonomy":"category","embeddable":true,"href":"https:\/\/www.toque-musicall.com\/index.php?rest_route=%2Fwp%2Fv2%2Fcategories&post=3136"},{"taxonomy":"post_tag","embeddable":true,"href":"https:\/\/www.toque-musicall.com\/index.php?rest_route=%2Fwp%2Fv2%2Ftags&post=3136"}],"curies":[{"name":"wp","href":"https:\/\/api.w.org\/{rel}","templated":true}]}}