{"id":3139,"date":"2013-06-12T21:20:44","date_gmt":"2013-06-13T00:20:44","guid":{"rendered":"http:\/\/www.toque-musicall.com\/?p=3139"},"modified":"2013-06-12T21:20:44","modified_gmt":"2013-06-13T00:20:44","slug":"sao-joao-alegre-1962","status":"publish","type":"post","link":"https:\/\/www.toque-musicall.com\/?p=3139","title":{"rendered":"S\u00e3o Jo\u00e3o Alegre! (1962)"},"content":{"rendered":"<p><img loading=\"lazy\" decoding=\"async\" class=\"aligncenter\" src=\"http:\/\/2.bp.blogspot.com\/-ueFhK5SyBGo\/UbkHzLXv8FI\/AAAAAAAAGpw\/8vr3c6RIuf4\/s640\/sao+joao+p.JPG\" alt=\"\" width=\"637\" height=\"640\" \/><img loading=\"lazy\" decoding=\"async\" class=\"aligncenter\" src=\"http:\/\/3.bp.blogspot.com\/-yOdz8EQLzTw\/UbkHt0zYd9I\/AAAAAAAAGpo\/8fSvI3cgqIE\/s640\/sao+joao+Bp.JPG\" alt=\"\" width=\"640\" height=\"636\" \/><\/p>\n<p>Boa noite, amigos cultos e ocultos! Boa noite aos namorados. Noite cheia de amor&#8230; \u00e9&#8230; isso \u00e9 muito bom. Eu at\u00e9 deveria ter postado aqui hoje um disco rom\u00e2ntico para embalar os casais apaixonados. Mas como j\u00e1 havia prometido come\u00e7ar o forr\u00f3zinho junino, vamos a ele&#8230; Por\u00e9m, em homenagem aos namorados, eu escolhi um disco onde pelo menos a capa nos remetesse a isso. Bonitinha, n\u00e3o \u00e9 mesmo? E olha ali o moleque preparando um estouro para os dois pombinhos, hehehe&#8230;<br \/>\nPois \u00e9, temos aqui um raro e interessant\u00edssimo \u00e1lbum lan\u00e7ado pelo selo Philips, em 1962, celebrando uma festa que a cada dia vem perdendo seu espa\u00e7o nas cidades brasileiras e na mem\u00f3ria do povo. Uma pena&#8230; Mas aqui a gente estar\u00e1 sempre lembrando e trazendo discos maravilhosos como este.<br \/>\n&#8220;S\u00e3o Jo\u00e3o Alegre!&#8221; \u00e9 um lp que re\u00fane um grupo de artistas populares e dos mais originais. Vamos encontrar aqui Jackson do Pandeiro e sua parceira Almira; Jararaca e Ratinho (coisa rara!); Z\u00e9 Calixto; Z\u00e9 Fernandes; Jo\u00e3o Mello; Moura Jr e Gabriel e seu Violino. Ao que me parece, trata-se de uma colet\u00e2nea extra\u00edda de grava\u00e7\u00f5es lan\u00e7adas inicialmente em bolachas de 78 rpm, nos anos 50. Podemos dizer que sao grava\u00e7\u00f5es raras, que agora toma luz aqui no Toque Musical. Vamos conferir?<\/p>\n<div style=\"text-align: center;\">na base da chinela -jackson do pandeiro e almira<\/div>\n<div style=\"text-align: center;\">viva s\u00e3o jo\u00e3o &#8211; jararaca e ratinho<\/div>\n<div style=\"text-align: center;\">saltitando com a rabeca &#8211; gabriel e seu violino<\/div>\n<div style=\"text-align: center;\">avuale fulor\u00e3o &#8211; moura jr<\/div>\n<div style=\"text-align: center;\">forr\u00f3 do carrossel &#8211; z\u00e9 calixto<\/div>\n<div style=\"text-align: center;\">rancheira do porom pom pom -z\u00e9 fernandes<\/div>\n<div style=\"text-align: center;\">vem amor &#8211; jackson do pandeiro<\/div>\n<div style=\"text-align: center;\">milho verde na fogueira &#8211; z\u00e9 calixto<\/div>\n<div style=\"text-align: center;\">mui\u00e9 muderna &#8211; jackson do pandeiro e almira<\/div>\n<div style=\"text-align: center;\">segure o fle calixto &#8211; jo\u00e3o mello<\/div>\n<div style=\"text-align: center;\">toca fogo na fogueira &#8211; gabriel e seu violino<\/div>\n<div style=\"text-align: center;\">oito baixo renitente &#8211; z\u00e9 fernandes<\/div>\n<div style=\"text-align: center;\">quadrilha do arrai\u00e1 &#8211; jararaca e ratinho<\/div>\n<div style=\"text-align: center;\"><\/div>\n<div style=\"text-align: center;\">.<\/div>\n<div style=\"text-align: center;\"><\/div>\n","protected":false},"excerpt":{"rendered":"<p>Boa noite, amigos cultos e ocultos! Boa noite aos namorados. Noite cheia de amor&#8230; \u00e9&#8230; isso \u00e9 muito bom. Eu at\u00e9 deveria ter postado aqui hoje um disco rom\u00e2ntico para embalar os casais apaixonados. Mas como j\u00e1 havia prometido come\u00e7ar &hellip; <a href=\"https:\/\/www.toque-musicall.com\/?p=3139\">Continue lendo <span class=\"meta-nav\">&rarr;<\/span><\/a><\/p>\n","protected":false},"author":1,"featured_media":0,"comment_status":"open","ping_status":"closed","sticky":false,"template":"","format":"standard","meta":{"footnotes":""},"categories":[2162,119,48],"tags":[],"class_list":["post-3139","post","type-post","status-publish","format-standard","hentry","category-gabriel-e-seu-violino","category-jackson-do-pandeiro","category-selo-philips"],"_links":{"self":[{"href":"https:\/\/www.toque-musicall.com\/index.php?rest_route=\/wp\/v2\/posts\/3139","targetHints":{"allow":["GET"]}}],"collection":[{"href":"https:\/\/www.toque-musicall.com\/index.php?rest_route=\/wp\/v2\/posts"}],"about":[{"href":"https:\/\/www.toque-musicall.com\/index.php?rest_route=\/wp\/v2\/types\/post"}],"author":[{"embeddable":true,"href":"https:\/\/www.toque-musicall.com\/index.php?rest_route=\/wp\/v2\/users\/1"}],"replies":[{"embeddable":true,"href":"https:\/\/www.toque-musicall.com\/index.php?rest_route=%2Fwp%2Fv2%2Fcomments&post=3139"}],"version-history":[{"count":1,"href":"https:\/\/www.toque-musicall.com\/index.php?rest_route=\/wp\/v2\/posts\/3139\/revisions"}],"predecessor-version":[{"id":3140,"href":"https:\/\/www.toque-musicall.com\/index.php?rest_route=\/wp\/v2\/posts\/3139\/revisions\/3140"}],"wp:attachment":[{"href":"https:\/\/www.toque-musicall.com\/index.php?rest_route=%2Fwp%2Fv2%2Fmedia&parent=3139"}],"wp:term":[{"taxonomy":"category","embeddable":true,"href":"https:\/\/www.toque-musicall.com\/index.php?rest_route=%2Fwp%2Fv2%2Fcategories&post=3139"},{"taxonomy":"post_tag","embeddable":true,"href":"https:\/\/www.toque-musicall.com\/index.php?rest_route=%2Fwp%2Fv2%2Ftags&post=3139"}],"curies":[{"name":"wp","href":"https:\/\/api.w.org\/{rel}","templated":true}]}}