{"id":3143,"date":"2013-06-14T20:09:35","date_gmt":"2013-06-14T23:09:35","guid":{"rendered":"http:\/\/www.toque-musicall.com\/?p=3143"},"modified":"2013-06-14T20:09:35","modified_gmt":"2013-06-14T23:09:35","slug":"orquestra-sba-e-coro-festas-juninas-pedro-antonio-e-joao-196","status":"publish","type":"post","link":"https:\/\/www.toque-musicall.com\/?p=3143","title":{"rendered":"Orquestra SBA E C\u00f4ro &#8211; Festas Juninas &#8211; Pedro Antonio E Jo\u00e3o (196&#8230;)"},"content":{"rendered":"<p><img loading=\"lazy\" decoding=\"async\" class=\"aligncenter\" src=\"http:\/\/4.bp.blogspot.com\/-Ahksjkp0Rj4\/UbucYIYkR7I\/AAAAAAAAGrU\/tlOLljPi-Oo\/s640\/capa1p.JPG\" alt=\"\" width=\"632\" height=\"640\" \/><img loading=\"lazy\" decoding=\"async\" class=\"aligncenter\" src=\"http:\/\/4.bp.blogspot.com\/-kDFI4wIcjh4\/UbucRhUAdnI\/AAAAAAAAGrM\/0aQFWGWFB58\/s640\/contra+1p.JPG\" alt=\"\" width=\"640\" height=\"625\" \/><\/p>\n<p>Boa noite, amigos cultos e ocultos! Para n\u00e3o deixar a fogueira apagar e n\u00e3o perder o ritmo, aqui vai mais um disquinho junino \ud83d\ude42 Ali\u00e1s, quando digo para n\u00e3o perder o ritmo, falo num sentido mais amplo, visto que o presente lp, embora tenha tudo para ser o m\u00e1ximo, \u00e9 no m\u00e1ximo curioso. Temos aqui uma bela capa representando uma aut\u00eantica festa de junho e um repert\u00f3rio tamb\u00e9m na medida. Por\u00e9m, o maestro arranjador aqui estava mais com um esp\u00edrito carnavalesco do que junino. Da\u00ed, temos doze aut\u00eanticas p\u00e9rolas transformadas em marchinhas com fortes tend\u00eancias carnavalescas. Gostei n\u00e3o, mas achei curioso. \u00d3timo para se ouvir com outros olhos \ud83d\ude09<\/p>\n<div style=\"text-align: center;\">antonio, pedro e jo\u00e3o<\/div>\n<div style=\"text-align: center;\">chegou a hora da fogueira<\/div>\n<div style=\"text-align: center;\">noites de junho<\/div>\n<div style=\"text-align: center;\">isto \u00e9 l\u00e1 com santo antonio<\/div>\n<div style=\"text-align: center;\">o leil\u00e3o<\/div>\n<div style=\"text-align: center;\">a dan\u00e7a da moda<\/div>\n<div style=\"text-align: center;\">s\u00e3o jo\u00e3o da rar\u00e3o<\/div>\n<div style=\"text-align: center;\">festa portuguesa<\/div>\n<div style=\"text-align: center;\">capelinha de mel\u00e3o<\/div>\n<div style=\"text-align: center;\">pula fogueira<\/div>\n<div style=\"text-align: center;\">ca\u00ed ca\u00ed bal\u00e3o<\/div>\n<div style=\"text-align: center;\">sonho de papel<\/div>\n<div style=\"text-align: center;\">tarratatchim<\/div>\n<div style=\"text-align: center;\"><\/div>\n<div style=\"text-align: center;\">.<\/div>\n","protected":false},"excerpt":{"rendered":"<p>Boa noite, amigos cultos e ocultos! Para n\u00e3o deixar a fogueira apagar e n\u00e3o perder o ritmo, aqui vai mais um disquinho junino \ud83d\ude42 Ali\u00e1s, quando digo para n\u00e3o perder o ritmo, falo num sentido mais amplo, visto que o &hellip; <a href=\"https:\/\/www.toque-musicall.com\/?p=3143\">Continue lendo <span class=\"meta-nav\">&rarr;<\/span><\/a><\/p>\n","protected":false},"author":1,"featured_media":0,"comment_status":"open","ping_status":"closed","sticky":false,"template":"","format":"standard","meta":{"footnotes":""},"categories":[2165],"tags":[],"class_list":["post-3143","post","type-post","status-publish","format-standard","hentry","category-selo-sba"],"_links":{"self":[{"href":"https:\/\/www.toque-musicall.com\/index.php?rest_route=\/wp\/v2\/posts\/3143","targetHints":{"allow":["GET"]}}],"collection":[{"href":"https:\/\/www.toque-musicall.com\/index.php?rest_route=\/wp\/v2\/posts"}],"about":[{"href":"https:\/\/www.toque-musicall.com\/index.php?rest_route=\/wp\/v2\/types\/post"}],"author":[{"embeddable":true,"href":"https:\/\/www.toque-musicall.com\/index.php?rest_route=\/wp\/v2\/users\/1"}],"replies":[{"embeddable":true,"href":"https:\/\/www.toque-musicall.com\/index.php?rest_route=%2Fwp%2Fv2%2Fcomments&post=3143"}],"version-history":[{"count":1,"href":"https:\/\/www.toque-musicall.com\/index.php?rest_route=\/wp\/v2\/posts\/3143\/revisions"}],"predecessor-version":[{"id":3144,"href":"https:\/\/www.toque-musicall.com\/index.php?rest_route=\/wp\/v2\/posts\/3143\/revisions\/3144"}],"wp:attachment":[{"href":"https:\/\/www.toque-musicall.com\/index.php?rest_route=%2Fwp%2Fv2%2Fmedia&parent=3143"}],"wp:term":[{"taxonomy":"category","embeddable":true,"href":"https:\/\/www.toque-musicall.com\/index.php?rest_route=%2Fwp%2Fv2%2Fcategories&post=3143"},{"taxonomy":"post_tag","embeddable":true,"href":"https:\/\/www.toque-musicall.com\/index.php?rest_route=%2Fwp%2Fv2%2Ftags&post=3143"}],"curies":[{"name":"wp","href":"https:\/\/api.w.org\/{rel}","templated":true}]}}