{"id":3145,"date":"2013-06-15T23:19:39","date_gmt":"2013-06-16T02:19:39","guid":{"rendered":"http:\/\/www.toque-musicall.com\/?p=3145"},"modified":"2013-06-15T23:37:21","modified_gmt":"2013-06-16T02:37:21","slug":"oswaldo-bettio-marcando-quadrilha-1991","status":"publish","type":"post","link":"https:\/\/www.toque-musicall.com\/?p=3145","title":{"rendered":"Oswaldo Bettio &#8211; Marcando Quadrilha (1991)"},"content":{"rendered":"<p><img loading=\"lazy\" decoding=\"async\" class=\"aligncenter\" src=\"http:\/\/1.bp.blogspot.com\/-2LqNtV81T2k\/UbxiBS_YKKI\/AAAAAAAAGsE\/ugIXYEkqJY0\/s640\/capap.JPG\" alt=\"\" width=\"640\" height=\"638\" \/><\/p>\n<p><img loading=\"lazy\" decoding=\"async\" class=\"aligncenter\" src=\"http:\/\/4.bp.blogspot.com\/-Zre3qVJMNDY\/Ubxh8K8vayI\/AAAAAAAAGr8\/A8ssDALncRY\/s640\/contra.JPG\" alt=\"\" width=\"640\" height=\"634\" \/><\/p>\n<p>Bom noite, amigos cultos e ocultos! Por aqui encerramos nossa mostra de discos de festas juninas para este ano. Creio que j\u00e1 temos um bom n\u00famero de op\u00e7\u00e3o, sem falar naqueles que j\u00e1 postados aqui em anos anteriores (os quais eu venho, dentro do poss\u00edvel, reponto novos links no GTM.<br \/>\nRepetido quase sempre o mesmo repert\u00f3rio, segue aqui este lp, lan\u00e7ado pela Edi\u00e7\u00f5es Paulinas em seu selo independente Comep, trazendo no t\u00edtulo o nome do radialista e compositor paulista, Oswaldo Bettio, irm\u00e3o do n\u00e3o menos famoso e saudoso Z\u00e9 Bettio, tamb\u00e9m radialista. Oswaldo, na verdade, aparece aqui apenas como marcador de quadrilha. As demais faixas musicais s\u00e3o por conta de um tal &#8220;Z\u00e9 Pipa&#8221; e a &#8220;Turma do Quent\u00e3o. Eis a\u00ed mais um disco \u00f3timo para se tocar na festa, no intervalo do sanfoneiro \ud83d\ude09<\/p>\n<div style=\"text-align: center;\">quadrilha marcada &#8211; por oswaldo bettio<\/div>\n<div style=\"text-align: center;\">quadrilha instrumental<\/div>\n<div style=\"text-align: center;\">s\u00e3o jo\u00e3o luzitano<\/div>\n<div style=\"text-align: center;\">pula fogueira<\/div>\n<div style=\"text-align: center;\">capelinha de melao<\/div>\n<div style=\"text-align: center;\">cai cai bal\u00e3o<\/div>\n<div style=\"text-align: center;\">sonho de papel<\/div>\n<div style=\"text-align: center;\">antonio pedro e jo\u00e3o<\/div>\n<div style=\"text-align: center;\">isto \u00e9 l\u00e1 com santo antonio<\/div>\n<div style=\"text-align: center;\">noites de junho<\/div>\n<div style=\"text-align: center;\">chegou a hora da fogueira<\/div>\n<div style=\"text-align: center;\">l\u00e1 vem a rita<\/div>\n<div style=\"text-align: center;\">o sanfoneiro s\u00f3 tocava isso<\/div>\n<div style=\"text-align: center;\"><\/div>\n<div style=\"text-align: center;\">.<\/div>\n","protected":false},"excerpt":{"rendered":"<p>Bom noite, amigos cultos e ocultos! Por aqui encerramos nossa mostra de discos de festas juninas para este ano. Creio que j\u00e1 temos um bom n\u00famero de op\u00e7\u00e3o, sem falar naqueles que j\u00e1 postados aqui em anos anteriores (os quais &hellip; <a href=\"https:\/\/www.toque-musicall.com\/?p=3145\">Continue lendo <span class=\"meta-nav\">&rarr;<\/span><\/a><\/p>\n","protected":false},"author":1,"featured_media":0,"comment_status":"open","ping_status":"closed","sticky":false,"template":"","format":"standard","meta":{"footnotes":""},"categories":[2167],"tags":[],"class_list":["post-3145","post","type-post","status-publish","format-standard","hentry","category-selo-comep"],"_links":{"self":[{"href":"https:\/\/www.toque-musicall.com\/index.php?rest_route=\/wp\/v2\/posts\/3145","targetHints":{"allow":["GET"]}}],"collection":[{"href":"https:\/\/www.toque-musicall.com\/index.php?rest_route=\/wp\/v2\/posts"}],"about":[{"href":"https:\/\/www.toque-musicall.com\/index.php?rest_route=\/wp\/v2\/types\/post"}],"author":[{"embeddable":true,"href":"https:\/\/www.toque-musicall.com\/index.php?rest_route=\/wp\/v2\/users\/1"}],"replies":[{"embeddable":true,"href":"https:\/\/www.toque-musicall.com\/index.php?rest_route=%2Fwp%2Fv2%2Fcomments&post=3145"}],"version-history":[{"count":6,"href":"https:\/\/www.toque-musicall.com\/index.php?rest_route=\/wp\/v2\/posts\/3145\/revisions"}],"predecessor-version":[{"id":3150,"href":"https:\/\/www.toque-musicall.com\/index.php?rest_route=\/wp\/v2\/posts\/3145\/revisions\/3150"}],"wp:attachment":[{"href":"https:\/\/www.toque-musicall.com\/index.php?rest_route=%2Fwp%2Fv2%2Fmedia&parent=3145"}],"wp:term":[{"taxonomy":"category","embeddable":true,"href":"https:\/\/www.toque-musicall.com\/index.php?rest_route=%2Fwp%2Fv2%2Fcategories&post=3145"},{"taxonomy":"post_tag","embeddable":true,"href":"https:\/\/www.toque-musicall.com\/index.php?rest_route=%2Fwp%2Fv2%2Ftags&post=3145"}],"curies":[{"name":"wp","href":"https:\/\/api.w.org\/{rel}","templated":true}]}}