{"id":3153,"date":"2013-06-16T11:00:14","date_gmt":"2013-06-16T14:00:14","guid":{"rendered":"http:\/\/www.toque-musicall.com\/?p=3153"},"modified":"2013-06-17T14:16:59","modified_gmt":"2013-06-17T17:16:59","slug":"marinalva-a-forrozeira-da-amazonia-mulher-de-garimpeiro-1986","status":"publish","type":"post","link":"https:\/\/www.toque-musicall.com\/?p=3153","title":{"rendered":"Marivalda, A Forrozeira Da Amaz\u00f4nia &#8211; Mulher De Garimpeiro (1986)"},"content":{"rendered":"<p><img loading=\"lazy\" decoding=\"async\" class=\"aligncenter\" src=\"http:\/\/4.bp.blogspot.com\/-ozO8ftwZk14\/Ub22QCGB1bI\/AAAAAAAAGs4\/NFMNkm2lk5U\/s640\/folder.jpg\" alt=\"\" width=\"631\" height=\"640\" \/><img loading=\"lazy\" decoding=\"async\" class=\"aligncenter\" src=\"http:\/\/3.bp.blogspot.com\/-_vWlecBJTSM\/Ub22KrVq_8I\/AAAAAAAAGsw\/tN_vOGVpnHw\/s640\/contrap.JPG\" alt=\"\" width=\"640\" height=\"640\" \/><\/p>\n<p>Bom dia a todos os amigos forrozeiros cultos e ocultos! Ontem eu disse que estava encerrando a mostra junina, mas entre os discos que puxei veio tamb\u00e9m este curioso \u00e1lbum da &#8220;Forrozeira da Amaz\u00f4nia&#8221;, a cantora e compositora cearence Maria Valn\u00edria Pinheiro, mais conhecida como Marinalva. Decidi ent\u00e3o inclu\u00ed-lo na festa. Disco bom para tocar no fim de festa, quando todo mundo j\u00e1 est\u00e1 calibrado e a crian\u00e7ada j\u00e1 foi dormir&#8230;<br \/>\nMarivalda vem neste \u00e1lbum lan\u00e7ado pela Copacabana, trazendo seu forr\u00f3 picante, cheio de mal\u00edcia e duplo sentido, uma peculiariedade nordestina sempre em voga. Mas h\u00e1 tamb\u00e9m espa\u00e7o para m\u00fasicas de outros autores, inclusive Humberto Teixeira em seu &#8220;Bai\u00e3o de Propri\u00e1&#8221;, ou ainda Pixinguinha em &#8220;Gavi\u00e3o Cal\u00e7udo&#8221;.<br \/>\nTem gente que me pergunta qual a raz\u00e3o de eu colocar aqui no final a lista da faixas das m\u00fasicas, sendo que na maioria das vezes a contracapa j\u00e1 tr\u00e1s essa informa\u00e7\u00e3o e eu na postagem incluo tamb\u00e9m essa contracapa. A verdade \u00e9 que ao listar como texto os nomes das m\u00fasicas, eu estou criando uma esp\u00e9cie de metadados que facilita a procura\/pesquisa de uma determinada m\u00fasica no blog. Basta escrever o nome da m\u00fasica, ou parte dele, para cair nas postagens onde esta m\u00fasica se encontra. Entederam? \ud83d\ude09<br \/>\nPS.: corrigindo&#8230; fiz uma baita confus\u00e3o com esta artista, trocando ela por outra cantora tamb\u00e9m com as mesmas caracter\u00edsticas art\u00edsticas, nome parecido e at\u00e9 o mesmo jeit\u00e3o. Para saber\u00a0<a href=\"http:\/\/www.luizberto.com\/a-coluna-de-raimundo-floriano\/marivalda-a-forrozeira-da-amazonia\" target=\"_blank\">sobre a Marivalda<\/a>, acabei indo parar num blog porreta! O\u00a0<a href=\"http:\/\/www.luizberto.com\/\" target=\"_blank\">Jornal Besta Fubana<\/a>, onde tive o prazer de n\u00e3o apenas encontrar as informa\u00e7\u00f5es necess\u00e1rias, como tamb\u00e9m \u00f3timos textos e artigos editados pelo seu adminstrador, Luiz Berto.<\/p>\n<div style=\"text-align: center;\">toco cr\u00fa<\/div>\n<div style=\"text-align: center;\">faiquei e peguei fogo<\/div>\n<div style=\"text-align: center;\">pintainho no galinheiro<\/div>\n<div style=\"text-align: center;\">eu quero \u00e9 mais<\/div>\n<div style=\"text-align: center;\">mulher de garimpeiro<\/div>\n<div style=\"text-align: center;\">papagaio dudu<\/div>\n<div style=\"text-align: center;\">paix\u00e3o e desejo<\/div>\n<div style=\"text-align: center;\">xaxazando e rezando<\/div>\n<div style=\"text-align: center;\">gavi\u00e3o cal\u00e7udo<\/div>\n<div style=\"text-align: center;\">lambada lambida<\/div>\n<div style=\"text-align: center;\">bai\u00e3o de propri\u00e1<\/div>\n<div style=\"text-align: center;\"><\/div>\n<div style=\"text-align: center;\">.<\/div>\n<p style=\"text-align: center;\">\n","protected":false},"excerpt":{"rendered":"<p>Bom dia a todos os amigos forrozeiros cultos e ocultos! Ontem eu disse que estava encerrando a mostra junina, mas entre os discos que puxei veio tamb\u00e9m este curioso \u00e1lbum da &#8220;Forrozeira da Amaz\u00f4nia&#8221;, a cantora e compositora cearence Maria &hellip; <a href=\"https:\/\/www.toque-musicall.com\/?p=3153\">Continue lendo <span class=\"meta-nav\">&rarr;<\/span><\/a><\/p>\n","protected":false},"author":1,"featured_media":0,"comment_status":"open","ping_status":"closed","sticky":false,"template":"","format":"standard","meta":{"footnotes":""},"categories":[2169,152],"tags":[],"class_list":["post-3153","post","type-post","status-publish","format-standard","hentry","category-marivalda","category-selo-copacabana"],"_links":{"self":[{"href":"https:\/\/www.toque-musicall.com\/index.php?rest_route=\/wp\/v2\/posts\/3153","targetHints":{"allow":["GET"]}}],"collection":[{"href":"https:\/\/www.toque-musicall.com\/index.php?rest_route=\/wp\/v2\/posts"}],"about":[{"href":"https:\/\/www.toque-musicall.com\/index.php?rest_route=\/wp\/v2\/types\/post"}],"author":[{"embeddable":true,"href":"https:\/\/www.toque-musicall.com\/index.php?rest_route=\/wp\/v2\/users\/1"}],"replies":[{"embeddable":true,"href":"https:\/\/www.toque-musicall.com\/index.php?rest_route=%2Fwp%2Fv2%2Fcomments&post=3153"}],"version-history":[{"count":5,"href":"https:\/\/www.toque-musicall.com\/index.php?rest_route=\/wp\/v2\/posts\/3153\/revisions"}],"predecessor-version":[{"id":3159,"href":"https:\/\/www.toque-musicall.com\/index.php?rest_route=\/wp\/v2\/posts\/3153\/revisions\/3159"}],"wp:attachment":[{"href":"https:\/\/www.toque-musicall.com\/index.php?rest_route=%2Fwp%2Fv2%2Fmedia&parent=3153"}],"wp:term":[{"taxonomy":"category","embeddable":true,"href":"https:\/\/www.toque-musicall.com\/index.php?rest_route=%2Fwp%2Fv2%2Fcategories&post=3153"},{"taxonomy":"post_tag","embeddable":true,"href":"https:\/\/www.toque-musicall.com\/index.php?rest_route=%2Fwp%2Fv2%2Ftags&post=3153"}],"curies":[{"name":"wp","href":"https:\/\/api.w.org\/{rel}","templated":true}]}}