{"id":3185,"date":"2013-06-25T09:47:38","date_gmt":"2013-06-25T12:47:38","guid":{"rendered":"http:\/\/www.toque-musicall.com\/?p=3185"},"modified":"2013-06-25T09:47:38","modified_gmt":"2013-06-25T12:47:38","slug":"varios-radames-gnattali-e-a-musica-popular-1990","status":"publish","type":"post","link":"https:\/\/www.toque-musicall.com\/?p=3185","title":{"rendered":"V\u00e1rios &#8211; Radam\u00e9s Gnattali E A M\u00fasica Popular (1990)"},"content":{"rendered":"<p><img loading=\"lazy\" decoding=\"async\" class=\"aligncenter\" src=\"http:\/\/4.bp.blogspot.com\/-OJTKpD6v4Vo\/UcmGD3Yi3oI\/AAAAAAAAG1k\/Q0R8zaiAt6M\/s640\/folder.jpg\" alt=\"\" width=\"640\" height=\"636\" \/><img loading=\"lazy\" decoding=\"async\" class=\"aligncenter\" src=\"http:\/\/4.bp.blogspot.com\/-_XmXRXMF-OI\/UcmF9vTqCwI\/AAAAAAAAG1c\/XvfTDKWy14A\/s640\/contracapap.JPG\" alt=\"\" width=\"640\" height=\"633\" \/><\/p>\n<p>Bom dia, amigos cultos e ocultos! Para abrilhantar a nossa ter\u00e7a feira eu estou trazendo para voc\u00eas este bel\u00edssimo \u00e1lbum dedicado \u00e0 m\u00fasica do mestre Radam\u00e9s Gnattali. Trata-se de um disco promocional para a Atlantic, do\u00a0extinto\u00a0selo Kuarup. Creio eu que, originalmente, este disco n\u00e3o foi lan\u00e7ado com a inten\u00e7\u00e3o de promover a tal bandeira de combust\u00edvel. A Kuarup tinha por h\u00e1bito associar seus t\u00edtulos e lan\u00e7amentos \u00e0 brindes promocionais de empresas, os discos eram relan\u00e7ados com novas capas, ou algo assim&#8230;<br \/>\nO certo \u00e9 que temos aqui um disco em homenagem ao maestro, compositor, arranjador e instrumentista Radam\u00e9s Gnattali. Uma produ\u00e7\u00e3o de M\u00e1rio \u00a0de Aratana e Henrique Cazes, m\u00fasico o qual tamb\u00e9m participa como instrumentista no disco e dirige a Orquestra de Cordas Brasileiras, que praticamente d\u00e1 corpo ao trabalho, ao lado do tamb\u00e9m genial Chiquinho do Acordeon, pe\u00e7a importante nessa produ\u00e7\u00e3o. Est\u00e1 presente tamb\u00e9m o pianista Jo\u00e3o Carlos Assis Brasil, que segundo a ficha t\u00e9cnica na contracapa toca em duas das faixas (eu s\u00f3 percebi sua presen\u00e7a \u00f3bvia em &#8220;Maneirando&#8221;). Em resumo, temos aqui um excelente trabalho musical que Radam\u00e9s, sem d\u00favida, deve ter aprovado l\u00e1 de cima. Este \u00e1lbum j\u00e1 teve seus dias em outras fontes e se n\u00e3o fossem elas e esta aqui (naturalmente), este momento estaria esquecido como tantos outros tem ficado. \u00c9 por isso que o Toque Musical continua na ativa. Viva o compartilhamento musical! O resto s\u00e3o apenas produtos com seus prazos de validade vencidos \ud83d\ude09<\/p>\n<div style=\"text-align: center;\">remexendo &#8211; orquestra de cordas brasileiras<\/div>\n<div style=\"text-align: center;\">maneirando &#8211; jo\u00e3o carlos assis brasil<\/div>\n<div style=\"text-align: center;\">amargura &#8211; chiquinho do acordeon e orq. de cordas brasileiras<\/div>\n<div style=\"text-align: center;\">negaceando &#8211; jo\u00e3o carlos assis brasil<\/div>\n<div style=\"text-align: center;\">sarau para radam\u00e9s &#8211; orquestra de cordas brasileiras<\/div>\n<div style=\"text-align: center;\">concerto para acordeon, tamboras e cordas &#8211; chiquinho do acordeon, henrique cazes e ocb<\/div>\n<div><\/div>\n<div>.<\/div>\n<div><\/div>\n","protected":false},"excerpt":{"rendered":"<p>Bom dia, amigos cultos e ocultos! Para abrilhantar a nossa ter\u00e7a feira eu estou trazendo para voc\u00eas este bel\u00edssimo \u00e1lbum dedicado \u00e0 m\u00fasica do mestre Radam\u00e9s Gnattali. Trata-se de um disco promocional para a Atlantic, do\u00a0extinto\u00a0selo Kuarup. Creio eu que, &hellip; <a href=\"https:\/\/www.toque-musicall.com\/?p=3185\">Continue lendo <span class=\"meta-nav\">&rarr;<\/span><\/a><\/p>\n","protected":false},"author":1,"featured_media":0,"comment_status":"open","ping_status":"closed","sticky":false,"template":"","format":"standard","meta":{"footnotes":""},"categories":[1229,123,2173,396,121],"tags":[],"class_list":["post-3185","post","type-post","status-publish","format-standard","hentry","category-chiquinho-do-acordeon","category-henrique-cazes","category-joao-carlos-assis-brasil","category-radames-gnattali","category-selo-kuarup"],"_links":{"self":[{"href":"https:\/\/www.toque-musicall.com\/index.php?rest_route=\/wp\/v2\/posts\/3185","targetHints":{"allow":["GET"]}}],"collection":[{"href":"https:\/\/www.toque-musicall.com\/index.php?rest_route=\/wp\/v2\/posts"}],"about":[{"href":"https:\/\/www.toque-musicall.com\/index.php?rest_route=\/wp\/v2\/types\/post"}],"author":[{"embeddable":true,"href":"https:\/\/www.toque-musicall.com\/index.php?rest_route=\/wp\/v2\/users\/1"}],"replies":[{"embeddable":true,"href":"https:\/\/www.toque-musicall.com\/index.php?rest_route=%2Fwp%2Fv2%2Fcomments&post=3185"}],"version-history":[{"count":1,"href":"https:\/\/www.toque-musicall.com\/index.php?rest_route=\/wp\/v2\/posts\/3185\/revisions"}],"predecessor-version":[{"id":3186,"href":"https:\/\/www.toque-musicall.com\/index.php?rest_route=\/wp\/v2\/posts\/3185\/revisions\/3186"}],"wp:attachment":[{"href":"https:\/\/www.toque-musicall.com\/index.php?rest_route=%2Fwp%2Fv2%2Fmedia&parent=3185"}],"wp:term":[{"taxonomy":"category","embeddable":true,"href":"https:\/\/www.toque-musicall.com\/index.php?rest_route=%2Fwp%2Fv2%2Fcategories&post=3185"},{"taxonomy":"post_tag","embeddable":true,"href":"https:\/\/www.toque-musicall.com\/index.php?rest_route=%2Fwp%2Fv2%2Ftags&post=3185"}],"curies":[{"name":"wp","href":"https:\/\/api.w.org\/{rel}","templated":true}]}}