{"id":3187,"date":"2013-06-26T23:26:38","date_gmt":"2013-06-27T02:26:38","guid":{"rendered":"http:\/\/www.toque-musicall.com\/?p=3187"},"modified":"2013-06-27T07:03:14","modified_gmt":"2013-06-27T10:03:14","slug":"turibio-santos-e-orquestra-de-violoes-do-rio-de-janeiro-1984","status":"publish","type":"post","link":"https:\/\/www.toque-musicall.com\/?p=3187","title":{"rendered":"Turibio Santos E Orquestra De Viol\u00f5es Do Rio De Janeiro (1984)"},"content":{"rendered":"<p><a href=\"http:\/\/1.bp.blogspot.com\/-eQt8FYhqUa8\/UcudgFEQtPI\/AAAAAAAAG2M\/_svWmZ4Vs-I\/s640\/contraP.JPG\"><img loading=\"lazy\" decoding=\"async\" class=\"aligncenter\" src=\"http:\/\/2.bp.blogspot.com\/-jXXp1SywY54\/UcudlmWtV6I\/AAAAAAAAG2U\/U4DzRiA2-iw\/s640\/capaP.JPG\" alt=\"\" width=\"638\" height=\"640\" \/><img loading=\"lazy\" decoding=\"async\" class=\"aligncenter\" src=\"http:\/\/1.bp.blogspot.com\/-eQt8FYhqUa8\/UcudgFEQtPI\/AAAAAAAAG2M\/_svWmZ4Vs-I\/s640\/contraP.JPG\" alt=\"\" width=\"640\" height=\"639\" \/><\/a><\/p>\n<p>Boa noite, amigos cultos e ocultos! Hoje, para n\u00e3o variar, eu estou um pouco can\u00e7ado, depois de algumas horas de caminhada pela Av. Antonio Carlos. Ir na manifesta\u00e7\u00e3o foi mole, duro foi ter que voltar como viemos, a p\u00e9. Ufa, custei, mas cheguei!<br \/>\nVamos rapinho&#8230; vai aqui um disco do violonista Turibio Santos, acompanhando e regendo a Orquestra de Viol\u00f5es do Rio de Janeiro. O disco foi gravado ao vivo no Teatro Municipal do Rio de Janeiro, em 1984. Nele encontramos um repert\u00f3rio essencialmente erudito, com pe\u00e7as de Francisco Mignone, Leo Brouwer, Roberto Gnattali, Vivaldi, Joaquim Rodrigo e L. M. Gottschalk. Confiram a\u00ed&#8230;<\/p>\n<div style=\"text-align: center;\">maracat\u00fa do chico rei<\/div>\n<div style=\"text-align: center;\">a cidade das mil cordas<\/div>\n<div style=\"text-align: center;\">fantasia dos ecos<\/div>\n<div style=\"text-align: center;\">bai\u00e3o<\/div>\n<div style=\"text-align: center;\">grande fantasia triunfal sobre o hino nacional brasileiro<\/div>\n<div style=\"text-align: center;\">concerto em r\u00e9 maior para viol\u00e3o e orquestra<\/div>\n<div style=\"text-align: center;\">concerto de aranjuez<\/div>\n<div style=\"text-align: center;\"><\/div>\n<div style=\"text-align: center;\">.<\/div>\n","protected":false},"excerpt":{"rendered":"<p>Boa noite, amigos cultos e ocultos! Hoje, para n\u00e3o variar, eu estou um pouco can\u00e7ado, depois de algumas horas de caminhada pela Av. Antonio Carlos. Ir na manifesta\u00e7\u00e3o foi mole, duro foi ter que voltar como viemos, a p\u00e9. Ufa, &hellip; <a href=\"https:\/\/www.toque-musicall.com\/?p=3187\">Continue lendo <span class=\"meta-nav\">&rarr;<\/span><\/a><\/p>\n","protected":false},"author":1,"featured_media":0,"comment_status":"open","ping_status":"closed","sticky":false,"template":"","format":"standard","meta":{"footnotes":""},"categories":[121,2104],"tags":[],"class_list":["post-3187","post","type-post","status-publish","format-standard","hentry","category-selo-kuarup","category-turibio-santos"],"_links":{"self":[{"href":"https:\/\/www.toque-musicall.com\/index.php?rest_route=\/wp\/v2\/posts\/3187","targetHints":{"allow":["GET"]}}],"collection":[{"href":"https:\/\/www.toque-musicall.com\/index.php?rest_route=\/wp\/v2\/posts"}],"about":[{"href":"https:\/\/www.toque-musicall.com\/index.php?rest_route=\/wp\/v2\/types\/post"}],"author":[{"embeddable":true,"href":"https:\/\/www.toque-musicall.com\/index.php?rest_route=\/wp\/v2\/users\/1"}],"replies":[{"embeddable":true,"href":"https:\/\/www.toque-musicall.com\/index.php?rest_route=%2Fwp%2Fv2%2Fcomments&post=3187"}],"version-history":[{"count":3,"href":"https:\/\/www.toque-musicall.com\/index.php?rest_route=\/wp\/v2\/posts\/3187\/revisions"}],"predecessor-version":[{"id":3189,"href":"https:\/\/www.toque-musicall.com\/index.php?rest_route=\/wp\/v2\/posts\/3187\/revisions\/3189"}],"wp:attachment":[{"href":"https:\/\/www.toque-musicall.com\/index.php?rest_route=%2Fwp%2Fv2%2Fmedia&parent=3187"}],"wp:term":[{"taxonomy":"category","embeddable":true,"href":"https:\/\/www.toque-musicall.com\/index.php?rest_route=%2Fwp%2Fv2%2Fcategories&post=3187"},{"taxonomy":"post_tag","embeddable":true,"href":"https:\/\/www.toque-musicall.com\/index.php?rest_route=%2Fwp%2Fv2%2Ftags&post=3187"}],"curies":[{"name":"wp","href":"https:\/\/api.w.org\/{rel}","templated":true}]}}