{"id":319,"date":"2011-09-13T23:28:00","date_gmt":"2011-09-13T23:28:00","guid":{"rendered":"http:\/\/www.toque-musicall.com\/?p=319"},"modified":"2011-09-13T23:28:00","modified_gmt":"2011-09-13T23:28:00","slug":"alcione-morte-de-um-poeta-1976-repost","status":"publish","type":"post","link":"https:\/\/www.toque-musicall.com\/?p=319","title":{"rendered":"Alcione &#8211; Morte De Um Poeta (1976) REPOST"},"content":{"rendered":"<div align=\"left\"><a href=\"http:\/\/1.bp.blogspot.com\/_DSKVEvHtskc\/SWtTrZPq_VI\/AAAAAAAADMg\/Dzks_1Qb3UE\/s1600-h\/alcione+1976+p.JPG\"><img decoding=\"async\" alt=\"\" border=\"0\" id=\"BLOGGER_PHOTO_ID_5290414192252878162\" src=\"http:\/\/1.bp.blogspot.com\/_DSKVEvHtskc\/SWtTrZPq_VI\/AAAAAAAADMg\/Dzks_1Qb3UE\/s400\/alcione+1976+p.JPG\" style=\"cursor: hand; display: block; height: 398px; margin: 0px auto 10px; text-align: center; width: 400px;\" \/><\/a><a href=\"http:\/\/www.mediafire.com\/?nt886smnunas586\"> B<\/a>om, se voc\u00eas pensaram que hoje n\u00f3s ficar\u00edamos apenas na cole\u00e7\u00e3o Nova Hist\u00f3ria da MPB, se enganaram \ud83d\ude42 Ainda tem espa\u00e7o neste di\u00e1rio e muita bala na agulha. Ou melhor, muitos discos!<\/div>\n<div align=\"left\">Trago agora, pela segunda vez no Toque Musical, a expressiva Alcione. Uma cantora e sambista que pouco vemos pelos blogs de m\u00fasica. Com certeza n\u00e3o \u00e9 por falta de talento. Confesso a voc\u00eas que eu, at\u00e9 pouco tempo atr\u00e1s n\u00e3o conhecia direito a arte da &#8216;Marron&#8217;. Na verdade eu tinha uma certa antipatia dela, sei l\u00e1&#8230; Algo parecido eu tamb\u00e9m sentia pelo Wilson Simonal. Mas foi ouvindo, sem conceitos ou preconceitos, que agora posso afirmar que tal situa\u00e7\u00e3o se reverteu totalmente.<\/div>\n<div align=\"left\">&#8220;Morte de um poeta&#8221; foi o segundo \u00e1lbum de Alcione e \u00e9 t\u00e3o bom quanto o primeiro. Sua interpreta\u00e7\u00e3o ainda \u00e9 comedida e eu gosto disso. Tem uma faixa, a qual eu colocaria como destaque principal, &#8220;Cajueiro velho&#8221; (linda!), de autoria de seu pai, Jo\u00e3o Carlos Dias Nazareth &#8211; que foi mestre de banda em S\u00e3o Luiz do Maranh\u00e3o. Outras faixas tamb\u00e9m bacana s\u00e3o &#8220;Jesuino, galo doido&#8221; de Antonio Carlos e Jocafi, m\u00fasica que fez parte da trilha do filme &#8220;Pastores da Noite&#8221; e a divertida &#8220;Tat\u00fa, engenheiro do metr\u00f4&#8221;, de Antonio Carlos da Concei\u00e7\u00e3o e Bidu. Muito bom&#8230;  Toque dj\u00e1!<\/div>\n<p><\/p>\n<div align=\"center\">morte de um poeta<\/div>\n<div align=\"center\">agolona<\/div>\n<div align=\"center\">retalhos<\/div>\n<div align=\"center\">cajueiro velho<\/div>\n<div align=\"center\">tat\u00fa, engenheiro do metr\u00f4<\/div>\n<div align=\"center\">\u00e9 melhor dizer adeus<\/div>\n<div align=\"center\">canto do mar<\/div>\n<div align=\"center\">l\u00e1 vem voc\u00ea<\/div>\n<div align=\"center\">lua menina<\/div>\n<div align=\"center\">traje de princesa<\/div>\n<div align=\"center\">ti\u00ea<\/div>\n<div align=\"center\">jesuino galo doido<\/div>\n<div align=\"center\"><\/div>\n<div align=\"center\"><\/div>\n<div align=\"center\"><\/div>\n<div align=\"center\"><\/div>\n","protected":false},"excerpt":{"rendered":"<p>Bom, se voc\u00eas pensaram que hoje n\u00f3s ficar\u00edamos apenas na cole\u00e7\u00e3o Nova Hist\u00f3ria da MPB, se enganaram \ud83d\ude42 Ainda tem espa\u00e7o neste di\u00e1rio e muita bala na agulha. Ou melhor, muitos discos! Trago agora, pela segunda vez no Toque Musical, &hellip; <a href=\"https:\/\/www.toque-musicall.com\/?p=319\">Continue lendo <span class=\"meta-nav\">&rarr;<\/span><\/a><\/p>\n","protected":false},"author":1,"featured_media":0,"comment_status":"open","ping_status":"closed","sticky":false,"template":"","format":"standard","meta":{"footnotes":""},"categories":[547,48],"tags":[],"class_list":["post-319","post","type-post","status-publish","format-standard","hentry","category-alcione","category-selo-philips"],"_links":{"self":[{"href":"https:\/\/www.toque-musicall.com\/index.php?rest_route=\/wp\/v2\/posts\/319","targetHints":{"allow":["GET"]}}],"collection":[{"href":"https:\/\/www.toque-musicall.com\/index.php?rest_route=\/wp\/v2\/posts"}],"about":[{"href":"https:\/\/www.toque-musicall.com\/index.php?rest_route=\/wp\/v2\/types\/post"}],"author":[{"embeddable":true,"href":"https:\/\/www.toque-musicall.com\/index.php?rest_route=\/wp\/v2\/users\/1"}],"replies":[{"embeddable":true,"href":"https:\/\/www.toque-musicall.com\/index.php?rest_route=%2Fwp%2Fv2%2Fcomments&post=319"}],"version-history":[{"count":0,"href":"https:\/\/www.toque-musicall.com\/index.php?rest_route=\/wp\/v2\/posts\/319\/revisions"}],"wp:attachment":[{"href":"https:\/\/www.toque-musicall.com\/index.php?rest_route=%2Fwp%2Fv2%2Fmedia&parent=319"}],"wp:term":[{"taxonomy":"category","embeddable":true,"href":"https:\/\/www.toque-musicall.com\/index.php?rest_route=%2Fwp%2Fv2%2Fcategories&post=319"},{"taxonomy":"post_tag","embeddable":true,"href":"https:\/\/www.toque-musicall.com\/index.php?rest_route=%2Fwp%2Fv2%2Ftags&post=319"}],"curies":[{"name":"wp","href":"https:\/\/api.w.org\/{rel}","templated":true}]}}