{"id":3193,"date":"2013-06-29T11:27:06","date_gmt":"2013-06-29T14:27:06","guid":{"rendered":"http:\/\/www.toque-musicall.com\/?p=3193"},"modified":"2013-06-29T11:27:06","modified_gmt":"2013-06-29T14:27:06","slug":"agostistinho-de-matos-um-violao-dentro-da-noite-198","status":"publish","type":"post","link":"https:\/\/www.toque-musicall.com\/?p=3193","title":{"rendered":"Agostistinho de Matos &#8211; Um Viol\u00e3o Dentro Da Noite (198&#8230;)"},"content":{"rendered":"<p><img loading=\"lazy\" decoding=\"async\" class=\"aligncenter\" src=\"http:\/\/4.bp.blogspot.com\/-X7-Ku6Z21Qo\/Uc7m9Mbj7NI\/AAAAAAAAG30\/DaNLpQRpu1s\/s640\/folder.jpg\" alt=\"\" width=\"639\" height=\"640\" \/><img loading=\"lazy\" decoding=\"async\" class=\"aligncenter\" src=\"http:\/\/3.bp.blogspot.com\/-Ws67luphEWM\/Uc7m3bwgJgI\/AAAAAAAAG3s\/60aPTuN3o9k\/s640\/agostinho+Bp.JPG\" alt=\"\" width=\"634\" height=\"640\" \/><\/p>\n<p>Bom dia, amigos cultos e ocultos! Ontem, sexta feira, eu n\u00e3o postei nada. Juntou a pregui\u00e7a com a falta de tempo e deu no que deu&#8230; Mas para compensar, vou ver se hoje consigo fazer duas postagens, para n\u00e3o perdermos a intesidade \ud83d\ude09<br \/>\nVou logo apresentando aqui o disco que seria o de ontem: &#8220;Um viol\u00e3o dentro da noite&#8221;, do violonista mineiro Agostinho de Matos. Ali\u00e1s, ao que parece, este foi o seu \u00fanico registro fonogr\u00e1fico e ainda assim de maneira independente. Agostinho, para os que n\u00e3o o conhecem, foi um dos importantes professores de viol\u00e3o em Belo Horizonte. Muitos m\u00fasicos e artistas conhecidos passaram pela sua escola, a EMAB. Ele tamb\u00e9m foi radialista, apresentando programas musicais nas R\u00e1dios Inconfid\u00eancia e Guarani, aqui na capital Mineira. Tamb\u00e9m atuou na televis\u00e3o, na extinta TV Itacolomi. Neste lp, cuja a data de grava\u00e7\u00e3o e lan\u00e7amento n\u00e3o sejam informados (creio que \u00e9 da d\u00e9cada de 80), temos um repert\u00f3rio totalmente autoral, onde ele executa choro, tango, valsa, fox, balada, serenata e at\u00e9 m\u00fasica ao estilo paraguaio. Segundo contam, o professor Agostinho era um pouco avesso \u00e0s grava\u00e7\u00f5es e s\u00f3 lan\u00e7ou este disco depois de muitos insistirem com ele. Vamos conhecer?<\/p>\n<div style=\"text-align: center;\">pascoal amigo<\/div>\n<div style=\"text-align: center;\">bela vista<\/div>\n<div style=\"text-align: center;\">berceuse<\/div>\n<div style=\"text-align: center;\">cheguei de mansinho<\/div>\n<div style=\"text-align: center;\">amargurado<\/div>\n<div style=\"text-align: center;\">argentinita<\/div>\n<div style=\"text-align: center;\">wilson, o pescador<\/div>\n<div style=\"text-align: center;\">can\u00e7\u00e3o de amor<\/div>\n<div style=\"text-align: center;\">e assim sou feliz<\/div>\n<div style=\"text-align: center;\">ave maria em serenata a dosquelim<\/div>\n<div style=\"text-align: center;\">ponteando a viola<\/div>\n<div style=\"text-align: center;\">o infinito \u00e9 assim<\/div>\n<div style=\"text-align: center;\"><\/div>\n<div style=\"text-align: center;\">.<\/div>\n<div style=\"text-align: center;\"><\/div>\n","protected":false},"excerpt":{"rendered":"<p>Bom dia, amigos cultos e ocultos! Ontem, sexta feira, eu n\u00e3o postei nada. Juntou a pregui\u00e7a com a falta de tempo e deu no que deu&#8230; Mas para compensar, vou ver se hoje consigo fazer duas postagens, para n\u00e3o perdermos &hellip; <a href=\"https:\/\/www.toque-musicall.com\/?p=3193\">Continue lendo <span class=\"meta-nav\">&rarr;<\/span><\/a><\/p>\n","protected":false},"author":1,"featured_media":0,"comment_status":"open","ping_status":"closed","sticky":false,"template":"","format":"standard","meta":{"footnotes":""},"categories":[2174,25],"tags":[],"class_list":["post-3193","post","type-post","status-publish","format-standard","hentry","category-agostinho-de-matos","category-selo-independente"],"_links":{"self":[{"href":"https:\/\/www.toque-musicall.com\/index.php?rest_route=\/wp\/v2\/posts\/3193","targetHints":{"allow":["GET"]}}],"collection":[{"href":"https:\/\/www.toque-musicall.com\/index.php?rest_route=\/wp\/v2\/posts"}],"about":[{"href":"https:\/\/www.toque-musicall.com\/index.php?rest_route=\/wp\/v2\/types\/post"}],"author":[{"embeddable":true,"href":"https:\/\/www.toque-musicall.com\/index.php?rest_route=\/wp\/v2\/users\/1"}],"replies":[{"embeddable":true,"href":"https:\/\/www.toque-musicall.com\/index.php?rest_route=%2Fwp%2Fv2%2Fcomments&post=3193"}],"version-history":[{"count":1,"href":"https:\/\/www.toque-musicall.com\/index.php?rest_route=\/wp\/v2\/posts\/3193\/revisions"}],"predecessor-version":[{"id":3194,"href":"https:\/\/www.toque-musicall.com\/index.php?rest_route=\/wp\/v2\/posts\/3193\/revisions\/3194"}],"wp:attachment":[{"href":"https:\/\/www.toque-musicall.com\/index.php?rest_route=%2Fwp%2Fv2%2Fmedia&parent=3193"}],"wp:term":[{"taxonomy":"category","embeddable":true,"href":"https:\/\/www.toque-musicall.com\/index.php?rest_route=%2Fwp%2Fv2%2Fcategories&post=3193"},{"taxonomy":"post_tag","embeddable":true,"href":"https:\/\/www.toque-musicall.com\/index.php?rest_route=%2Fwp%2Fv2%2Ftags&post=3193"}],"curies":[{"name":"wp","href":"https:\/\/api.w.org\/{rel}","templated":true}]}}