{"id":3195,"date":"2013-06-29T22:01:23","date_gmt":"2013-06-30T01:01:23","guid":{"rendered":"http:\/\/www.toque-musicall.com\/?p=3195"},"modified":"2013-06-29T22:01:23","modified_gmt":"2013-06-30T01:01:23","slug":"os-maracajas-gatos-bravos-1968","status":"publish","type":"post","link":"https:\/\/www.toque-musicall.com\/?p=3195","title":{"rendered":"Os Maracaj\u00e1s &#8211; Gatos Bravos (1968)"},"content":{"rendered":"<p><img loading=\"lazy\" decoding=\"async\" class=\"aligncenter\" src=\"http:\/\/3.bp.blogspot.com\/-Ikkmzy1P7-A\/Uc988u9Rf_I\/AAAAAAAAG4k\/HHUc2-isR_E\/s640\/capa+P.JPG\" alt=\"\" width=\"621\" height=\"640\" \/><img loading=\"lazy\" decoding=\"async\" class=\"aligncenter\" src=\"http:\/\/1.bp.blogspot.com\/-2C9EjEz5eBU\/Uc982poi6iI\/AAAAAAAAG4c\/7DrNGQIG_fs\/s640\/contracapaP.JPG\" alt=\"\" width=\"640\" height=\"636\" \/><\/p>\n<p>De volta, como havia prometido. Desta vez postando o \u00e1lbum de hoje. Vamos agora com Os Maracaj\u00e1s, grupo surgido nos anos 60, na &#8216;onda&#8217; da Jovem Guarda. Ao que tudo indica, suponho, este conjunto veio do \u00a0Rio de Janeiro. Em minha breve pesquisa descobri que eles gravaram pelo menos mais uns dois discos, entre eles, ou em um deles, consta inclusive a participa\u00e7\u00e3o do saudoso Azimuth, Jos\u00e9 Roberto Bertrami. Este \u00e1lbum foi o disco de estr\u00e9ia, lan\u00e7ado, provavelmente, em 1968. No repert\u00f3rio vamos encontrar uma s\u00e9rie de m\u00fasicas bem conhecidas do p\u00fablico. Sucessos nacionais e internacionais, algo bem ao gosto da \u00e9poca. Ah, esqueci do detalhe, trata-se de um disco instrumental, algo bem parecido com outro conjunto da \u00e9poca, o The Pop&#8217;s. Para os que gostam do g\u00eanero, ta\u00ed, mais um prato cheio&#8230;<\/p>\n<div style=\"text-align: center;\">pot pourri:<\/div>\n<div style=\"text-align: center;\">urubu malandro &#8211; asa branca &#8211; dorinha meu amor &#8211; no rancho fundo<\/div>\n<div style=\"text-align: center;\">meu primeiro amor<\/div>\n<div style=\"text-align: center;\">maria bonita<\/div>\n<div style=\"text-align: center;\">fim de semana em paquet\u00e1<\/div>\n<div style=\"text-align: center;\">acorda maria bonita<\/div>\n<div style=\"text-align: center;\">recordando o l\u00edbano<\/div>\n<div style=\"text-align: center;\">qui nem gil\u00f3<\/div>\n<div style=\"text-align: center;\">at\u00e9 quarta feira<\/div>\n<div style=\"text-align: center;\">voltei<\/div>\n<div style=\"text-align: center;\">l\u00e1 vem a rita<\/div>\n<div style=\"text-align: center;\">in the mood<\/div>\n<div style=\"text-align: center;\">san francisco<\/div>\n<div style=\"text-align: center;\"><\/div>\n<div style=\"text-align: center;\">.<\/div>\n","protected":false},"excerpt":{"rendered":"<p>De volta, como havia prometido. Desta vez postando o \u00e1lbum de hoje. Vamos agora com Os Maracaj\u00e1s, grupo surgido nos anos 60, na &#8216;onda&#8217; da Jovem Guarda. Ao que tudo indica, suponho, este conjunto veio do \u00a0Rio de Janeiro. Em &hellip; <a href=\"https:\/\/www.toque-musicall.com\/?p=3195\">Continue lendo <span class=\"meta-nav\">&rarr;<\/span><\/a><\/p>\n","protected":false},"author":1,"featured_media":0,"comment_status":"open","ping_status":"closed","sticky":false,"template":"","format":"standard","meta":{"footnotes":""},"categories":[2176],"tags":[],"class_list":["post-3195","post","type-post","status-publish","format-standard","hentry","category-selo-castelinho"],"_links":{"self":[{"href":"https:\/\/www.toque-musicall.com\/index.php?rest_route=\/wp\/v2\/posts\/3195","targetHints":{"allow":["GET"]}}],"collection":[{"href":"https:\/\/www.toque-musicall.com\/index.php?rest_route=\/wp\/v2\/posts"}],"about":[{"href":"https:\/\/www.toque-musicall.com\/index.php?rest_route=\/wp\/v2\/types\/post"}],"author":[{"embeddable":true,"href":"https:\/\/www.toque-musicall.com\/index.php?rest_route=\/wp\/v2\/users\/1"}],"replies":[{"embeddable":true,"href":"https:\/\/www.toque-musicall.com\/index.php?rest_route=%2Fwp%2Fv2%2Fcomments&post=3195"}],"version-history":[{"count":1,"href":"https:\/\/www.toque-musicall.com\/index.php?rest_route=\/wp\/v2\/posts\/3195\/revisions"}],"predecessor-version":[{"id":3196,"href":"https:\/\/www.toque-musicall.com\/index.php?rest_route=\/wp\/v2\/posts\/3195\/revisions\/3196"}],"wp:attachment":[{"href":"https:\/\/www.toque-musicall.com\/index.php?rest_route=%2Fwp%2Fv2%2Fmedia&parent=3195"}],"wp:term":[{"taxonomy":"category","embeddable":true,"href":"https:\/\/www.toque-musicall.com\/index.php?rest_route=%2Fwp%2Fv2%2Fcategories&post=3195"},{"taxonomy":"post_tag","embeddable":true,"href":"https:\/\/www.toque-musicall.com\/index.php?rest_route=%2Fwp%2Fv2%2Ftags&post=3195"}],"curies":[{"name":"wp","href":"https:\/\/api.w.org\/{rel}","templated":true}]}}