{"id":320,"date":"2011-09-13T11:12:00","date_gmt":"2011-09-13T11:12:00","guid":{"rendered":"http:\/\/www.toque-musicall.com\/?p=320"},"modified":"2011-09-13T11:12:00","modified_gmt":"2011-09-13T11:12:00","slug":"musica-na-corte-brasileira-vol-4-na-corte-de-d-pedro-ii-1965","status":"publish","type":"post","link":"https:\/\/www.toque-musicall.com\/?p=320","title":{"rendered":"M\u00fasica Na C\u00f4rte Brasileira Vol. 4 &#8211; Na C\u00f4rte De D. Pedro II (1965)"},"content":{"rendered":"<div style=\"clear: both; text-align: center;\"><a href=\"http:\/\/2.bp.blogspot.com\/-g5lJUrGODGA\/Tm8rmqFH3LI\/AAAAAAAAISk\/BtNCzf-mauw\/s1600\/folder.jpg\" style=\"margin-left: 1em; margin-right: 1em;\"><img loading=\"lazy\" decoding=\"async\" border=\"0\" height=\"396\" src=\"http:\/\/2.bp.blogspot.com\/-g5lJUrGODGA\/Tm8rmqFH3LI\/AAAAAAAAISk\/BtNCzf-mauw\/s400\/folder.jpg\" width=\"400\" \/><\/a><\/div>\n<p>Muito bom dia, amigos cultos e ocultos! Seguimos nesta ter\u00e7a feira (de cl\u00e1ssicos e eruditos) com mais um volume desta bela e rara cole\u00e7\u00e3o intitulada &#8220;M\u00fasica na C\u00f4rte Brasileira&#8221;. Como eu j\u00e1 havia comentando, esta s\u00e9rie \u00e9 composta de cinco volumes, mostrando um panorama da m\u00fasica no per\u00edodo do Brasil Imp\u00e9rio. Quem, por desventura, n\u00e3o percebeu os outros volumes, pode voltar algumas p\u00e1ginas, as tr\u00eas \u00faltimas ter\u00e7as feiras, nas quais eles foram postados.<br \/>Neste quarto volume, como se pode ver na capa, encontraremos a m\u00fasica na C\u00f4rte de D. Pedro II, quando este ainda vivia a sua fase juvenil. Conforme o texto de contracapa de Andrade Muricy, &#8220;<i>o per\u00edodo de incertezas e agita\u00e7\u00e3o pol\u00edtica, em que transcorreram a menoridade do Imperador menino, D. Pedro II, filho de musicista, fez estudos musicais muito menos acurados do que os seus pais. Ainda assim criou condi\u00e7\u00f5es para a forma\u00e7\u00e3o de peronalidades como Carlos Gomes e Pedro Am\u00e9rico. Assistia aos espet\u00e1culos de \u00f3pera e aos concertos dos Clubes Mozart e Beethoven, que fazia quest\u00e3o de prestigiar.<\/i>&#8220;<br \/>Temos assim, neste lp, obras do paulista Elias \u00c1lvares L\u00f4bo (1834-1901) &#8211; autor da primeira \u00f3pera composta e representada no Brasil; do carioca Henrique Alves de Mesquita (1838-1906); dos portugueses Pedro Teixeira Seixas e Luiz In\u00e1cio Pereira; de Eleut\u00e9rio Feliciano de Senna e finalmente Louis Moreau Gottschalk (1829-1869), compositor americando que por aqui viveu, autor da bel\u00edssima &#8220;Grande Fantasia Triunfal Sobre o Hino Nacional Brasileiro&#8221;. Putz, estava me esquecendo&#8230; tem tamb\u00e9m o italiano Saverio Mercadante (1795-1870) com a sua &#8220;Exulta, Oh Brasil&#8221;.<br \/>Como nos outros volumes, temos \u00e0 frente a Orquestra Sinf\u00f4nica Nacional da R\u00e1dio MEC, sob a batuta do Maestro Alceo Bocchino.<\/p>\n<div style=\"text-align: center;\">a louca (abertura) &#8211; elias \u00e1lvares l\u00f4bo<\/div>\n<div style=\"text-align: center;\">a noite no castelo (abertura) &#8211; henrique alves de mesquita<\/div>\n<div style=\"text-align: center;\">o triunfo do amor (abertura) &#8211; pedro teixeira seixas<\/div>\n<div style=\"text-align: center;\">a castanheira (abertura) &#8211; luiz in\u00e1cio pereira<\/div>\n<div style=\"text-align: center;\">andante para grande orquestra &#8211; eleut\u00e9rio feliciano de senna<\/div>\n<div style=\"text-align: center;\">banjo &#8211; louis moreau gottschalk<\/div>\n<div style=\"text-align: center;\">bamboula &#8211; louis moreau gottschalk<\/div>\n<div style=\"text-align: center;\">exulta, oh brasil &#8211; saverio mercadante<\/div>\n","protected":false},"excerpt":{"rendered":"<p>Muito bom dia, amigos cultos e ocultos! Seguimos nesta ter\u00e7a feira (de cl\u00e1ssicos e eruditos) com mais um volume desta bela e rara cole\u00e7\u00e3o intitulada &#8220;M\u00fasica na C\u00f4rte Brasileira&#8221;. Como eu j\u00e1 havia comentando, esta s\u00e9rie \u00e9 composta de cinco &hellip; <a href=\"https:\/\/www.toque-musicall.com\/?p=320\">Continue lendo <span class=\"meta-nav\">&rarr;<\/span><\/a><\/p>\n","protected":false},"author":1,"featured_media":0,"comment_status":"open","ping_status":"closed","sticky":false,"template":"","format":"standard","meta":{"footnotes":""},"categories":[528,529],"tags":[],"class_list":["post-320","post","type-post","status-publish","format-standard","hentry","category-musica-na-corte-brasileira","category-selo-angel"],"_links":{"self":[{"href":"https:\/\/www.toque-musicall.com\/index.php?rest_route=\/wp\/v2\/posts\/320","targetHints":{"allow":["GET"]}}],"collection":[{"href":"https:\/\/www.toque-musicall.com\/index.php?rest_route=\/wp\/v2\/posts"}],"about":[{"href":"https:\/\/www.toque-musicall.com\/index.php?rest_route=\/wp\/v2\/types\/post"}],"author":[{"embeddable":true,"href":"https:\/\/www.toque-musicall.com\/index.php?rest_route=\/wp\/v2\/users\/1"}],"replies":[{"embeddable":true,"href":"https:\/\/www.toque-musicall.com\/index.php?rest_route=%2Fwp%2Fv2%2Fcomments&post=320"}],"version-history":[{"count":0,"href":"https:\/\/www.toque-musicall.com\/index.php?rest_route=\/wp\/v2\/posts\/320\/revisions"}],"wp:attachment":[{"href":"https:\/\/www.toque-musicall.com\/index.php?rest_route=%2Fwp%2Fv2%2Fmedia&parent=320"}],"wp:term":[{"taxonomy":"category","embeddable":true,"href":"https:\/\/www.toque-musicall.com\/index.php?rest_route=%2Fwp%2Fv2%2Fcategories&post=320"},{"taxonomy":"post_tag","embeddable":true,"href":"https:\/\/www.toque-musicall.com\/index.php?rest_route=%2Fwp%2Fv2%2Ftags&post=320"}],"curies":[{"name":"wp","href":"https:\/\/api.w.org\/{rel}","templated":true}]}}