{"id":3203,"date":"2013-07-01T20:38:45","date_gmt":"2013-07-01T23:38:45","guid":{"rendered":"http:\/\/www.toque-musicall.com\/?p=3203"},"modified":"2013-07-01T20:38:45","modified_gmt":"2013-07-01T23:38:45","slug":"januario-e-luiz-gonzaga-selecao-78-rpm-do-toque-musical-2013","status":"publish","type":"post","link":"https:\/\/www.toque-musicall.com\/?p=3203","title":{"rendered":"Janu\u00e1rio E Luiz Gonzaga &#8211; Sele\u00e7\u00e3o 78 RPM Do Toque Musical (2013)"},"content":{"rendered":"<p><img loading=\"lazy\" decoding=\"async\" class=\"aligncenter\" src=\"http:\/\/4.bp.blogspot.com\/-7MG2pXDbCtc\/UdIPwYqqevI\/AAAAAAAAG6c\/m8d4i3It198\/s640\/CAPAp.JPG\" alt=\"\" width=\"640\" height=\"640\" \/><img loading=\"lazy\" decoding=\"async\" class=\"aligncenter\" src=\"http:\/\/4.bp.blogspot.com\/-zkZFQzXhAZE\/UdIPseCQrbI\/AAAAAAAAG6U\/g-HSix0bj6E\/s640\/CONTRACAPAp.JPG\" alt=\"\" width=\"640\" height=\"640\" \/><\/p>\n<div>O Grand Record Brazil chega \u00e0 sua sexag\u00e9sima edi\u00e7\u00e3o apresentando uma sele\u00e7\u00e3o musical com dois grandes nomes da cultura popular nordestina: Luiz Gonzaga e seu pai Janu\u00e1rio.<\/div>\n<div>Lavrador, sanfoneiro e consertador de sanfonas, Janu\u00e1rio Jos\u00e9 dos Santos, aut\u00eantico rei dos oito baixos, nasceu em 25 de setembro de 1888, n\u00e3o se sabe se em Flores ou Paje\u00fa das Flores, em Pernambuco. Adolescente, fugindo da seca, ele chegou, em 1905, \u00e0 Fazenda Cai\u00e7ara, nascente do Riacho da Br\u00edgida, a 12 quil\u00f4metros de Exu, na Serra do Araripe, bem na divisa Norte de Pernambuco com o Cear\u00e1, ao lado de seu irm\u00e3o Pedro Anselmo. Era motivo de alegria e admira\u00e7\u00e3o para quem escutava a sua sanfona, sendo sempre respeitado por onde quer que passasse. S\u00f3 falava o necess\u00e1rio e tinha grande entendimento intelectual, apesar de nunca ter sentado em um banco de escola. Al\u00e9m de ex\u00edmio sanfoneiro, foi durante toda a vida um homem dedicado \u00e0 fam\u00edlia. Ao lado da primeira esposa, Dona Santana, soube muito bem educar seus nove filhos (Gonzag\u00e3o foi o segundo) na tradi\u00e7\u00e3o religiosa e no respeito humano.<\/div>\n<div>O \u201cVov\u00f4 do Bai\u00e3o\u201d sempre amou seu querido Araripe. Prova disso \u00e9 que, em 1960, com o falecimento de Dona Santana e j\u00e1 com os nove filhos radicados no Rio de Janeiro, ficou morando sozinho por l\u00e1 de junho a novembro, quando contraiu segundas n\u00fapcias com Dona Maria Raimunda de Jesus. O novo casal adotou, em 1962, um beb\u00ea com tr\u00eas dias de nascido, e registrado como filho leg\u00edtimo com o nome de Jo\u00e3o Batista Janu\u00e1rio, ainda hoje residindo em Exu.<\/div>\n<div>Grande exemplo de pai e bom vizinho, \u201cseu\u201d Janu\u00e1rio partiu para a eternidade no dia 11 de junho de 1978, deixando imensa saudade em todos que o conheceram l\u00e1 em Exu, apreciando suas performances sanfoneiras todo final de tarde. As tradi\u00e7\u00f5es religiosas do munic\u00edpio forma preservadas por muito tempo recebendo a colabora\u00e7\u00e3o do \u201cVov\u00f4 do Bai\u00e3o\u201d.<\/div>\n<div>J\u00e1 Luiz Gonzaga do Nascimento nasceu, a 13 de dezembro de 1912, l\u00e1 mesmo na Fazneda Cai\u00e7ara, onde ele e seus irm\u00e3os foram criados, e ainda menino se interessou pelos oito baixos do pai, a quem ajudava na anima\u00e7\u00e3o de forr\u00f3s e festas. Aos 17 anos, saiu de casa e se alistou como volunt\u00e1rio no Ex\u00e9rcito, em Fortaleza, Cear\u00e1, e em 1930 rumou com seu batalh\u00e3o de ca\u00e7dores, o 22, para a Para\u00edba, agitada com a revolta de Princesa. Com a vit\u00f3ria de Get\u00falio Vargas, a tropa se desloca para Bel\u00e9m do Par\u00e1, Teresina, Rio de Janeiro e Belo Horizonte, a fim de pacificar os resistentes. Corneteiro, recebeu em BH o apelido de \u201cBico de A\u00e7o\u201d. E soprando a corneta seguiu para S\u00e3o Paulo, em 1932, no movimento constitucionalista, e para Mato Grosso, a fim de proteger nossa fronteira da Guerra do Chaco, entre Paraguai e Bol\u00edvia. J\u00e1 em tempos mais clamos, Gonzag\u00e3o serviu em Juiz de Fora e Ouro Fino, em Minas Gerais, e deu baixa em 1939, ap\u00f3s dez anos de Ex\u00e9rcito (uma nova lei impedia o reengajamento al\u00e9m desse tempo). Em vez de voltar a sua Exu, resolve ficar no Rio de Janeiro, onde desembarcara na companhia de uma sanfona branca comprada em S\u00e3o Paulo pouco antes. Nas ruas, nos bares e no Mangue, passando o pires, apresentava um repert\u00f3rio bem ao gosto dos marinheiros e suas acompanhantes: tangos, boleros, valsas, can\u00e7\u00f5es, foxes. Certa noite, um grupo de universit\u00e1rios cearenses pede para ele tocar alguma coisa l\u00e1 do Nordeste. A\u00ed, Gonzag\u00e3o tira da mem\u00f3ria xaxados, cocos, xotes, xamegos, e \u00e9 a\u00ed que alimenta o ideal de um dia tocar tudo isso para todo o povo do Sul. Inscreve-se no programa de calouros do tem\u00edvel Ary Barroso tocando seu xamego \u201cVira e mexe\u201d, sendo aplaudid\u00edssimo pela plateia e obtendo nota m\u00e1xima! Em 1941, \u00e9 levado \u00e0 RCA Victor para acompanhar Gen\u00e9sio Arruda na grava\u00e7\u00e3o de \u201cA viagem do Gen\u00e9sio\u201d, e tem a oportunidade de tocar seu \u201cVira e mexe\u201d para o diretor art\u00edstico, sendo de pronto escalado para gravar dois discos como acordeonista-solo: \u201cV\u00e9spera de S\u00e3o Jo\u00e3o\u201d\/\u201dNuma serenata\u201d e \u201cSaudades de S\u00e3o Jo\u00e3o del Rey\u201d\/\u201dVira e mexe\u201d. A oportunidade de gravar como cantor s\u00f3 aparece em 1945, com \u201cDan\u00e7a, Mariquinha\u201d, mazurca sua e de Miguel Lima. Em pouco tempo tornou-se \u00eddolo nacional, de ponta a ponta, tamb\u00e9m como compositor, tendo parceiros express\u00edvos: Miguel Lima, Humberto Teixeira, Z\u00e9 Dantas, e sucessos sem conta, seja como autor, seja apenas como int\u00e9rprete: \u201cBai\u00e3o\u201d, \u201cAsa branca\u201d, &#8216;Vozes da seca\u201d, \u201cChofer de pra\u00e7a\u201d, \u201cPara\u00edba\u201d, \u201cMacap\u00e1\u201d, \u201cLorota boa\u201d, \u201cRiacho do Navio\u201d, \u201cBoiadeiro\u201d, \u201cCigarro de p\u00e1ia\u201d, \u201cXanduzinha\u201d e muitos, muitos mais. Com o aparecimento do rock e da bossa nova, Gonzag\u00e3o ficou praticamente esquecido no Sul do Pa\u00eds, sobretudo no eixo Rio-S\u00e3o Paulo, mas continuou a se apresentar pelo interior do Brasil, onde sempre teve grande p\u00fablico. Em 1968, o espert\u00edssimo Carlos Imperial planta um boato de que o quarteto brit\u00e2nico The Beatles iria gravar \u201cAsa branca\u201d. Isso, claro, n\u00e3o aconteceu, mas chamou a aten\u00e7\u00e3o das novas gera\u00e7\u00f5es de ent\u00e3o para sua obra, sendo ent\u00e3o redescoberto e novamente experimentando o sucesso em discos e shows nos grandes centros urbanos, tendo inclusive se apresentado no exterior. O trono de Rei do Bai\u00e3o \u00e9 e sempre ser\u00e1 seu. Gonzag\u00e3o morreu em 2 de agosto de 1989, no Recife, de osteoporose seguida de pneumonia (sofria tamb\u00e9m de c\u00e2ncer na pr\u00f3stata), deixando um legado imortal que at\u00e9 hoje influencia a MPB. Seu corpo foi sepultado, conforme seu desejo, ao lado de seus pais, em Exu.<\/div>\n<div>Nesta edi\u00e7\u00e3o do GRB, apresentamos uma sele\u00e7\u00e3o dedicada a Janu\u00e1rio e Gonzag\u00e3o, pai e filho, com oito fonogramas originais RCA Victor. Para come\u00e7ar, quatro grava\u00e7\u00f5es do mestre Janu\u00e1rio, com participa\u00e7\u00e3o expressiva dos filhos, inclusive, claro, Luiz Gonzaga: o xote dele mesmo \u201cJanu\u00e1rio vai tocar\u201d, grava\u00e7\u00e3o de 3 de agosto de 1955, lan\u00e7ada em outubro do mesmo ano com o n\u00famero 80-1498-A, matriz BE5VB-0823. No verso, matriz BE5VB-0824, o \u201cCalango do Irineu\u201d, tamb\u00e9m do pr\u00f3prio Janu\u00e1rio, que apresentamos logo em seguida. Depois, as faixas do disco 80-1322, gravado em 18 de maio de 1954 e lan\u00e7ado em agosto: o bai\u00e3o \u201cO balaio de Veremundo\u201d, da parceria Luiz Gonzaga-Z\u00e9 Dantas, espirituosa\u00a0\u00a0alus\u00e3o a um \u201ccoronel\u201d da cidade pernambucana de Salgueiro, famosa por suas carnes de bode salgadas, e inventor da dan\u00e7a do balaio. Da mesma parceria \u00e9 o lado B, matriz BE4VB-0456, outro bai\u00e3o: \u201cPronde tu vai. Lu\u00ed?\u201d, com solo vocal do pr\u00f3prio Gonzag\u00e3o, \u201cof course\u201d. Completando este pequeno grande programa, quatro expressivas grava\u00e7\u00f5es de Gonzag\u00e3o de seu in\u00edcio como cantor-solo. Na faixa seis, exatamente sua estreia nessa \u00e1rea, ap\u00f3s 24 discos como solista de sanfona: a mazurca \u201cDan\u00e7a, Mariquinha\u201d, gravada em 11 de abril de 1945 e lan\u00e7ada em maio seguinte, matriz S-078152. Luiz Gonzaga chegou a dizer ao ent\u00e3o diretor art\u00edstico da RCA Victor, Vittorio Lattari, brincando, que a Odeon queria lan\u00e7\u00e1-lo como cantor em disco. Mas Vittorio, claro, decidiu que ele ficaria na Victor, e perguntou: \u201cComo \u00e9? J\u00e1 tem repert\u00f3rio pra cantar?\u201d Isso, claro, n\u00e3o faltava&#8230; Na faixa oito, o chamego \u201cPener\u00f4 xerem\u201d, chamego da parceria Luiz Gonzaga-Miguel Lima, grava\u00e7\u00e3o de 13 de junho de 1945, lan\u00e7ada em agosto do mesmo ano (80-0306-A, matriz S-078189). A 6 de setembro do mesmo ano, Gonzag\u00e3o grava, de sua autoria mais Miguel Lima e J. Portela (o jota \u00e9 de Jeov\u00e1), outra mazurca de sucesso, \u201cCortando pano\u201d, expressiva homenagem aos alfaiates, que a Victor lan\u00e7ara em novembro seguinte com o n\u00famero 80-0344-B, matriz S-078283. Nessa \u00e9poca, quase todos os cantores brasileiros costumavam lan\u00e7ar m\u00fasicas para o carnaval, pois, como ent\u00e3o se dizia, eram \u201cda fuzarca\u201d. E mostrando o lado carnavalesco do Rei do Bai\u00e3o, foi escalada a faixa 7 desta nossa edi\u00e7\u00e3o do GRB, a marcha-tarantela \u201cFesta napolitana\u201d, do compositor Sereno, para a folia de 1946, que a Victor lan\u00e7ou em janeiro desse ano, em grava\u00e7\u00e3o de 14 de novembro de 45, disco 80-0374-A, matriz S-078389. Enfim, uma pequena grande amostra que certamente ir\u00e1 agradar aos f\u00e3s de Luiz Gonzaga, de seu pai Janu\u00e1rio e da boa m\u00fasica nordestina, deixando na boca aquele irresist\u00edvel gostinho de quero-mais&#8230;<\/div>\n<div><\/div>\n<div>* Texto de SAMUEL MACHADO FILHO<\/div>\n<div><\/div>\n","protected":false},"excerpt":{"rendered":"<p>O Grand Record Brazil chega \u00e0 sua sexag\u00e9sima edi\u00e7\u00e3o apresentando uma sele\u00e7\u00e3o musical com dois grandes nomes da cultura popular nordestina: Luiz Gonzaga e seu pai Janu\u00e1rio. Lavrador, sanfoneiro e consertador de sanfonas, Janu\u00e1rio Jos\u00e9 dos Santos, aut\u00eantico rei dos &hellip; <a href=\"https:\/\/www.toque-musicall.com\/?p=3203\">Continue lendo <span class=\"meta-nav\">&rarr;<\/span><\/a><\/p>\n","protected":false},"author":1,"featured_media":0,"comment_status":"open","ping_status":"closed","sticky":false,"template":"","format":"standard","meta":{"footnotes":""},"categories":[11,2179,222,13],"tags":[],"class_list":["post-3203","post","type-post","status-publish","format-standard","hentry","category-exclusivos-do-toque-musical","category-januario","category-luiz-gonzaga","category-selo-grand-record-brazil"],"_links":{"self":[{"href":"https:\/\/www.toque-musicall.com\/index.php?rest_route=\/wp\/v2\/posts\/3203","targetHints":{"allow":["GET"]}}],"collection":[{"href":"https:\/\/www.toque-musicall.com\/index.php?rest_route=\/wp\/v2\/posts"}],"about":[{"href":"https:\/\/www.toque-musicall.com\/index.php?rest_route=\/wp\/v2\/types\/post"}],"author":[{"embeddable":true,"href":"https:\/\/www.toque-musicall.com\/index.php?rest_route=\/wp\/v2\/users\/1"}],"replies":[{"embeddable":true,"href":"https:\/\/www.toque-musicall.com\/index.php?rest_route=%2Fwp%2Fv2%2Fcomments&post=3203"}],"version-history":[{"count":1,"href":"https:\/\/www.toque-musicall.com\/index.php?rest_route=\/wp\/v2\/posts\/3203\/revisions"}],"predecessor-version":[{"id":3204,"href":"https:\/\/www.toque-musicall.com\/index.php?rest_route=\/wp\/v2\/posts\/3203\/revisions\/3204"}],"wp:attachment":[{"href":"https:\/\/www.toque-musicall.com\/index.php?rest_route=%2Fwp%2Fv2%2Fmedia&parent=3203"}],"wp:term":[{"taxonomy":"category","embeddable":true,"href":"https:\/\/www.toque-musicall.com\/index.php?rest_route=%2Fwp%2Fv2%2Fcategories&post=3203"},{"taxonomy":"post_tag","embeddable":true,"href":"https:\/\/www.toque-musicall.com\/index.php?rest_route=%2Fwp%2Fv2%2Ftags&post=3203"}],"curies":[{"name":"wp","href":"https:\/\/api.w.org\/{rel}","templated":true}]}}