{"id":3207,"date":"2013-07-02T09:23:10","date_gmt":"2013-07-02T12:23:10","guid":{"rendered":"http:\/\/www.toque-musicall.com\/?p=3207"},"modified":"2013-07-02T09:23:10","modified_gmt":"2013-07-02T12:23:10","slug":"jards-macale-contrates-1977","status":"publish","type":"post","link":"https:\/\/www.toque-musicall.com\/?p=3207","title":{"rendered":"Jards Macal\u00e9 &#8211; Contrates (1977)"},"content":{"rendered":"<p><img loading=\"lazy\" decoding=\"async\" class=\"aligncenter\" src=\"http:\/\/4.bp.blogspot.com\/-ZcQDpSylJ0o\/UdK8-Ep7nPI\/AAAAAAAAG7k\/GzvtXSlRQAg\/s640\/capap.JPG\" alt=\"\" width=\"640\" height=\"637\" \/><img loading=\"lazy\" decoding=\"async\" class=\"aligncenter\" src=\"http:\/\/3.bp.blogspot.com\/-89-m6QpYYLs\/UdK84QW_eOI\/AAAAAAAAG7c\/pE64xbTaZ5A\/s640\/contra+p.JPG\" alt=\"\" width=\"640\" height=\"638\" \/><\/p>\n<p>Muito bom dia, amigos cultos e ocultos! Entre tantas curiosidades, m\u00fasicas para se ouvir com outros olhos e coisa e tal&#8230;, as vezes eu penso: p\u00f4, tenho que postar aqui tamb\u00e9m aquilo que sempre faz a minha cabe\u00e7a. Ou melhor dizendo, preciso tamb\u00e9m postar aqui aquilo que eu realmente nunca deixo de ouvir. Assim, eventualmente, dou um toque nos meus prediletos \ud83d\ude09 Olha a\u00ed, que beleza&#8230;. &#8220;Contrastes&#8221;, de Jards Macal\u00e9. Tenho por este disco uma aten\u00e7\u00e3o especial, pois \u00e9 um \u00e1lbum que me acompanha desde o seu lan\u00e7amento, em 1977. Me lembro exatamente do dia em que comprei este disco. Nesta \u00e9poca eu vivia num verdadeiro contraste musical. Amava os Beatles e os Rolling Stones (e ainda amo!), tamb\u00e9m o hard rock e j\u00e1 flertava com a nova onda, o punk rock dos Ramones e Sex Pistols. Por\u00e9m, ao ouvir (como se a primeira vez) ao Jards Macal\u00e9, vi a salva\u00e7\u00e3o. Voltei a tomar gosto pela MPB. &#8220;Contrates&#8221; \u00e9 um puta disco! Ali\u00e1s, o Macal\u00e9 \u00e9 que \u00e9&#8230; um puta artista&#8230; todos os seus discos s\u00e3o \u00f3timos e vale a pena ouvi-los, sem excess\u00e3o. Um artista assim nunca deixa de ser cultuado, principalmente nos dias de hoje. Inclusive, seus discos, mesmo fora de cat\u00e1logo est\u00e3o, vez por outra, sempre sendo resgatados. &#8220;Contrates&#8221;, obviamente j\u00e1 teve seu relan\u00e7amento na vers\u00e3o cd. Inclusive, a capa na nova edi\u00e7\u00e3o \u00e9 diferente. A foto da capa, o beijo, aparece aqui rasgada. Seria uma demonstra\u00e7\u00e3o de desfeto e m\u00e1goa do artista? A mo\u00e7a da foto era ent\u00e3o a sua esposa. Na \u00e9poca do relan\u00e7amento do disco em cd, ela n\u00e3o permitiu que sua imagem fosse novamente exposta (os tempos s\u00e3o outros). Acho que, meio no desaforo, o artista deu o troco, recriando de maneira interessante a velha capa.<br \/>\nBom, falar da m\u00fasica acho que \u00e9 desnecess\u00e1rio. Este n\u00e3o precisa de defesa ou promo\u00e7\u00e3o. O melhor mesmo \u00e9 ouvir \ud83d\ude09<\/p>\n<div style=\"text-align: center;\">contrates<\/div>\n<div style=\"text-align: center;\">sem essa<\/div>\n<div style=\"text-align: center;\">poema da rosa<\/div>\n<div style=\"text-align: center;\">black and blue<\/div>\n<div style=\"text-align: center;\">sim ou n\u00e3o<\/div>\n<div style=\"text-align: center;\">conto do pintor<\/div>\n<div style=\"text-align: center;\">negra melodia<\/div>\n<div style=\"text-align: center;\">choro do archanjo<\/div>\n<div style=\"text-align: center;\">cachorro babucho<\/div>\n<div style=\"text-align: center;\">garoto<\/div>\n<div style=\"text-align: center;\">passarinho no rel\u00f3gio (cuco maluco)<\/div>\n<div style=\"text-align: center;\">no meio do mato<\/div>\n<div style=\"text-align: center;\"><\/div>\n<div style=\"text-align: center;\">.<\/div>\n<div style=\"text-align: center;\"><\/div>\n","protected":false},"excerpt":{"rendered":"<p>Muito bom dia, amigos cultos e ocultos! Entre tantas curiosidades, m\u00fasicas para se ouvir com outros olhos e coisa e tal&#8230;, as vezes eu penso: p\u00f4, tenho que postar aqui tamb\u00e9m aquilo que sempre faz a minha cabe\u00e7a. Ou melhor &hellip; <a href=\"https:\/\/www.toque-musicall.com\/?p=3207\">Continue lendo <span class=\"meta-nav\">&rarr;<\/span><\/a><\/p>\n","protected":false},"author":1,"featured_media":0,"comment_status":"open","ping_status":"closed","sticky":false,"template":"","format":"standard","meta":{"footnotes":""},"categories":[1003,66],"tags":[],"class_list":["post-3207","post","type-post","status-publish","format-standard","hentry","category-jards-macale","category-selo-som-livre"],"_links":{"self":[{"href":"https:\/\/www.toque-musicall.com\/index.php?rest_route=\/wp\/v2\/posts\/3207","targetHints":{"allow":["GET"]}}],"collection":[{"href":"https:\/\/www.toque-musicall.com\/index.php?rest_route=\/wp\/v2\/posts"}],"about":[{"href":"https:\/\/www.toque-musicall.com\/index.php?rest_route=\/wp\/v2\/types\/post"}],"author":[{"embeddable":true,"href":"https:\/\/www.toque-musicall.com\/index.php?rest_route=\/wp\/v2\/users\/1"}],"replies":[{"embeddable":true,"href":"https:\/\/www.toque-musicall.com\/index.php?rest_route=%2Fwp%2Fv2%2Fcomments&post=3207"}],"version-history":[{"count":1,"href":"https:\/\/www.toque-musicall.com\/index.php?rest_route=\/wp\/v2\/posts\/3207\/revisions"}],"predecessor-version":[{"id":3208,"href":"https:\/\/www.toque-musicall.com\/index.php?rest_route=\/wp\/v2\/posts\/3207\/revisions\/3208"}],"wp:attachment":[{"href":"https:\/\/www.toque-musicall.com\/index.php?rest_route=%2Fwp%2Fv2%2Fmedia&parent=3207"}],"wp:term":[{"taxonomy":"category","embeddable":true,"href":"https:\/\/www.toque-musicall.com\/index.php?rest_route=%2Fwp%2Fv2%2Fcategories&post=3207"},{"taxonomy":"post_tag","embeddable":true,"href":"https:\/\/www.toque-musicall.com\/index.php?rest_route=%2Fwp%2Fv2%2Ftags&post=3207"}],"curies":[{"name":"wp","href":"https:\/\/api.w.org\/{rel}","templated":true}]}}