{"id":321,"date":"2011-09-13T00:37:00","date_gmt":"2011-09-13T00:37:00","guid":{"rendered":"http:\/\/www.toque-musicall.com\/?p=321"},"modified":"2011-09-13T00:37:00","modified_gmt":"2011-09-13T00:37:00","slug":"idolo-de-pano-trilha-original-da-novela-1975","status":"publish","type":"post","link":"https:\/\/www.toque-musicall.com\/?p=321","title":{"rendered":"\u00cddolo De Pano &#8211; Trilha Original Da Novela (1975)"},"content":{"rendered":"<div style=\"clear: both; text-align: center;\"><a href=\"http:\/\/1.bp.blogspot.com\/-IBlXyuaRnwc\/Tm6dX5t0Y7I\/AAAAAAAAISg\/yKK0lUWZicU\/s1600\/Frente+P.JPG\" style=\"margin-left: 1em; margin-right: 1em;\"><img loading=\"lazy\" decoding=\"async\" border=\"0\" height=\"400\" src=\"http:\/\/1.bp.blogspot.com\/-IBlXyuaRnwc\/Tm6dX5t0Y7I\/AAAAAAAAISg\/yKK0lUWZicU\/s400\/Frente+P.JPG\" width=\"400\" \/><\/a><\/div>\n<p>Boa noite, amigos cultos e ocultos! Aqui vai a postagem do dia&#8230; Bem rapidinho porque eu s\u00f3 tenho dez minutos de pausa. Segue aqui um providencial &#8216;disco de gaveta&#8217; para essas horas incertas e curtas.<br \/>Tenho hoje para voc\u00eas a trilha sonora nacional da novela \u00cddolo de Pano, que foi ao ar no ano de 1975, atrav\u00e9s da Rede Tupi de Televis\u00e3o. Confesso a voc\u00eas que este disco e suas m\u00fasicas eu n\u00e3o cheguei a escutar direito, mas sei que tem algumas coisinhas interessantes, entre outras que prefiro chamar de &#8216;curiosas&#8217;. Um disco bem a cara do Toque Musical. V\u00e3o conferindo a\u00ed, que eu aqui j\u00e1 vou nessa&#8230; t\u00e9 +!<\/p>\n<div style=\"text-align: center;\">segredos &#8211; martinha<\/div>\n<div style=\"text-align: center;\">ah! se tu soubesse &#8211; luis vagner<\/div>\n<div style=\"text-align: center;\">romance de amor &#8211; dilermando reis<\/div>\n<div style=\"text-align: center;\">duplo sentido &#8211; tet\u00ea da bahia<\/div>\n<div style=\"text-align: center;\">aperta o passo &#8211; coral do maestro lutero<\/div>\n<div style=\"text-align: center;\">pr\u00e1 n\u00e3o dizer adeus &#8211; elcio alvarez e orquestra<\/div>\n<div style=\"text-align: center;\">concerto para um amor &#8211; gilbert<\/div>\n<div style=\"text-align: center;\">soleado &#8211; gato e sua guitarra<\/div>\n<div style=\"text-align: center;\">como antigamente &#8211; martinha<\/div>\n<div style=\"text-align: center;\">simplesmente (o bem verdadeiro) &#8211; paulinho nogueira<\/div>\n<div style=\"text-align: center;\">endless night &#8211; grande orquestra de cordas de renato de oliveira<\/div>\n<div style=\"text-align: center;\">concerto para um amor &#8211; orquestra continental<\/div>\n","protected":false},"excerpt":{"rendered":"<p>Boa noite, amigos cultos e ocultos! Aqui vai a postagem do dia&#8230; Bem rapidinho porque eu s\u00f3 tenho dez minutos de pausa. Segue aqui um providencial &#8216;disco de gaveta&#8217; para essas horas incertas e curtas.Tenho hoje para voc\u00eas a trilha &hellip; <a href=\"https:\/\/www.toque-musicall.com\/?p=321\">Continue lendo <span class=\"meta-nav\">&rarr;<\/span><\/a><\/p>\n","protected":false},"author":1,"featured_media":0,"comment_status":"open","ping_status":"closed","sticky":false,"template":"","format":"standard","meta":{"footnotes":""},"categories":[548,549,346],"tags":[],"class_list":["post-321","post","type-post","status-publish","format-standard","hentry","category-novela-idolo-de-pano","category-selo-teletema-continental","category-trilhas"],"_links":{"self":[{"href":"https:\/\/www.toque-musicall.com\/index.php?rest_route=\/wp\/v2\/posts\/321","targetHints":{"allow":["GET"]}}],"collection":[{"href":"https:\/\/www.toque-musicall.com\/index.php?rest_route=\/wp\/v2\/posts"}],"about":[{"href":"https:\/\/www.toque-musicall.com\/index.php?rest_route=\/wp\/v2\/types\/post"}],"author":[{"embeddable":true,"href":"https:\/\/www.toque-musicall.com\/index.php?rest_route=\/wp\/v2\/users\/1"}],"replies":[{"embeddable":true,"href":"https:\/\/www.toque-musicall.com\/index.php?rest_route=%2Fwp%2Fv2%2Fcomments&post=321"}],"version-history":[{"count":0,"href":"https:\/\/www.toque-musicall.com\/index.php?rest_route=\/wp\/v2\/posts\/321\/revisions"}],"wp:attachment":[{"href":"https:\/\/www.toque-musicall.com\/index.php?rest_route=%2Fwp%2Fv2%2Fmedia&parent=321"}],"wp:term":[{"taxonomy":"category","embeddable":true,"href":"https:\/\/www.toque-musicall.com\/index.php?rest_route=%2Fwp%2Fv2%2Fcategories&post=321"},{"taxonomy":"post_tag","embeddable":true,"href":"https:\/\/www.toque-musicall.com\/index.php?rest_route=%2Fwp%2Fv2%2Ftags&post=321"}],"curies":[{"name":"wp","href":"https:\/\/api.w.org\/{rel}","templated":true}]}}