{"id":3211,"date":"2013-07-04T22:30:31","date_gmt":"2013-07-05T01:30:31","guid":{"rendered":"http:\/\/www.toque-musicall.com\/?p=3211"},"modified":"2013-07-04T22:32:30","modified_gmt":"2013-07-05T01:32:30","slug":"lucio-alves-a-noite-do-meu-bem-1960","status":"publish","type":"post","link":"https:\/\/www.toque-musicall.com\/?p=3211","title":{"rendered":"L\u00facio Alves &#8211; A Noite Do Meu Bem&#8230; (1960)"},"content":{"rendered":"<p><img loading=\"lazy\" decoding=\"async\" class=\"aligncenter\" src=\"http:\/\/4.bp.blogspot.com\/-krWcHiFHLSU\/UdYRToL4M2I\/AAAAAAAAG9E\/lrxndYG-qxA\/s640\/folder2.jpg\" alt=\"\" width=\"640\" height=\"637\" \/><img loading=\"lazy\" decoding=\"async\" class=\"aligncenter\" src=\"http:\/\/2.bp.blogspot.com\/-bluHGsfbHCk\/UdYRDNUY6bI\/AAAAAAAAG88\/F0Sw_va5E_o\/s640\/contrap.JPG\" alt=\"\" width=\"638\" height=\"640\" \/><\/p>\n<p>Ol\u00e1s! De volta como prometi e mais uma vez trazendo o imprevis\u00edvel. Desta vez vamos com L\u00facio Alves, em disco Odeon de 1960. Temos aqui &#8220;A noite do meu bem&#8230;&#8221;, bel\u00edssimo \u00e1lbum onde o nosso artista interpreta a m\u00fasica de Dolores Duran. Inclusive, nos anos 70 o disco voltou a ser relan\u00e7ado, em vers\u00e3o &#8216;est\u00e9rizada&#8217;, com uma nova capa e sob um novo t\u00edtulo &#8220;L\u00facio Alves Interpreta Dolores Duran&#8221;. Esta mesma vers\u00e3o saiu tamb\u00e9m em cd. No \u00e1lbum iremos encontrar algumas das mais importantes e marcantes can\u00e7\u00f5es de Dolores. Dela e tamb\u00e9m de seus grandes parceiros, diga-se de passagem. L\u00facio Alves, como sempre, impec\u00e1vel&#8230;<\/p>\n<div style=\"text-align: center;\">ideias erradas<\/div>\n<div style=\"text-align: center;\">castigo<\/div>\n<div style=\"text-align: center;\">a noite do meu bem<\/div>\n<div style=\"text-align: center;\">noite de paz<\/div>\n<div style=\"text-align: center;\">estrada do sol<\/div>\n<div style=\"text-align: center;\">vou chorar<\/div>\n<div style=\"text-align: center;\">por causa de voc\u00ea<\/div>\n<div style=\"text-align: center;\">quem sou eu<\/div>\n<div style=\"text-align: center;\">fim de caso<\/div>\n<div style=\"text-align: center;\">solid\u00e3o pela rua<\/div>\n<div style=\"text-align: center;\">can\u00e7\u00e3o da tristeza<\/div>\n<div style=\"text-align: center;\"><\/div>\n<div style=\"text-align: center;\">.<\/div>\n","protected":false},"excerpt":{"rendered":"<p>Ol\u00e1s! De volta como prometi e mais uma vez trazendo o imprevis\u00edvel. Desta vez vamos com L\u00facio Alves, em disco Odeon de 1960. Temos aqui &#8220;A noite do meu bem&#8230;&#8221;, bel\u00edssimo \u00e1lbum onde o nosso artista interpreta a m\u00fasica de &hellip; <a href=\"https:\/\/www.toque-musicall.com\/?p=3211\">Continue lendo <span class=\"meta-nav\">&rarr;<\/span><\/a><\/p>\n","protected":false},"author":1,"featured_media":0,"comment_status":"open","ping_status":"closed","sticky":false,"template":"","format":"standard","meta":{"footnotes":""},"categories":[645,86],"tags":[],"class_list":["post-3211","post","type-post","status-publish","format-standard","hentry","category-lucio-alves","category-selo-odeon"],"_links":{"self":[{"href":"https:\/\/www.toque-musicall.com\/index.php?rest_route=\/wp\/v2\/posts\/3211","targetHints":{"allow":["GET"]}}],"collection":[{"href":"https:\/\/www.toque-musicall.com\/index.php?rest_route=\/wp\/v2\/posts"}],"about":[{"href":"https:\/\/www.toque-musicall.com\/index.php?rest_route=\/wp\/v2\/types\/post"}],"author":[{"embeddable":true,"href":"https:\/\/www.toque-musicall.com\/index.php?rest_route=\/wp\/v2\/users\/1"}],"replies":[{"embeddable":true,"href":"https:\/\/www.toque-musicall.com\/index.php?rest_route=%2Fwp%2Fv2%2Fcomments&post=3211"}],"version-history":[{"count":3,"href":"https:\/\/www.toque-musicall.com\/index.php?rest_route=\/wp\/v2\/posts\/3211\/revisions"}],"predecessor-version":[{"id":3213,"href":"https:\/\/www.toque-musicall.com\/index.php?rest_route=\/wp\/v2\/posts\/3211\/revisions\/3213"}],"wp:attachment":[{"href":"https:\/\/www.toque-musicall.com\/index.php?rest_route=%2Fwp%2Fv2%2Fmedia&parent=3211"}],"wp:term":[{"taxonomy":"category","embeddable":true,"href":"https:\/\/www.toque-musicall.com\/index.php?rest_route=%2Fwp%2Fv2%2Fcategories&post=3211"},{"taxonomy":"post_tag","embeddable":true,"href":"https:\/\/www.toque-musicall.com\/index.php?rest_route=%2Fwp%2Fv2%2Ftags&post=3211"}],"curies":[{"name":"wp","href":"https:\/\/api.w.org\/{rel}","templated":true}]}}