{"id":3225,"date":"2013-07-08T20:10:43","date_gmt":"2013-07-08T23:10:43","guid":{"rendered":"http:\/\/www.toque-musicall.com\/?p=3225"},"modified":"2013-07-08T20:10:43","modified_gmt":"2013-07-08T23:10:43","slug":"francisco-alves-12-selecao-78-rpm-do-toque-musical-vol-1-2013","status":"publish","type":"post","link":"https:\/\/www.toque-musicall.com\/?p=3225","title":{"rendered":"Francisco Alves 1:2 &#8211; Sele\u00e7\u00e3o 78 RPM Do Toque Musical &#8211; Vol. 1 (2013)"},"content":{"rendered":"<p><img loading=\"lazy\" decoding=\"async\" class=\"aligncenter\" src=\"http:\/\/1.bp.blogspot.com\/-G2vl7QKhrf8\/UdtFhjs0n0I\/AAAAAAAAHB4\/Z0UYlgn_CMM\/s640\/CAPAp.JPG\" alt=\"\" width=\"640\" height=\"640\" \/><img loading=\"lazy\" decoding=\"async\" class=\"aligncenter\" src=\"http:\/\/3.bp.blogspot.com\/-k7ObG_UIW0c\/UdtFb8lA8ZI\/AAAAAAAAHBw\/gdPFdEhV-X8\/s640\/CONTRACAPAp.JPG\" alt=\"\" width=\"640\" height=\"640\" \/><\/p>\n<div>\n<div>Vejam voc\u00eas, amigos cultos, ocultos e associados do TM: j\u00e1 estamos na sexag\u00e9sima-primeira edi\u00e7\u00e3o do Grand Record Brazil! Sinceramente, eu e o Augusto n\u00e3o esper\u00e1vamos que a coisa fosse t\u00e3o longe, o que muito devemos ao apoio e ao prest\u00edgio de voc\u00eas. Esta semana, apresentamos a primeira de duas partes de uma nova retrospectiva dedicada ao eterno Rei da Voz, Francisco de Moraes Alves.<\/div>\n<div>Nascido no Rio de Janeiro em 19 de agosto de 1898 e tragicamente falecido em acidente automobil\u00edstico na Rodovia Presidente Dutra, na altura de Pindamonhangaba, SP (seu carro, um Buick, chocou-se com um caminh\u00e3o que entrara na contram\u00e3o, e se incendiou), em 27 de setembro de 1952, Francisco Alves deixou a maior discografia em 78 rpm da hist\u00f3ria de nossa m\u00fasica popular, e gravou somente nesse formato: foram 524 discos com 983 fonogramas! Uma carreira que come\u00e7ou em 1919, numa modesta gravadora de fundo de quintal, a Disco Popular, para a qual foi levado pelo compositor Sinh\u00f4. Em sua estreia, Chico gravou tr\u00eas m\u00fasicas de Sinh\u00f4: a marchinha \u201cO p\u00e9 de anjo\u201d (sucesso no carnaval de 1920) e os sambas \u201cFala, meu louro\u201d e \u201cAlivia estes olhos\u201d. O cantor s\u00f3 teria nova oportunidade em disco na Odeon, em 1924, gravando quatro m\u00fasicas, tamb\u00e9m carnavalescas, que n\u00e3o obtiveram \u00eaxito. E \u00e9 a partir de 1927, com a implanta\u00e7\u00e3o do sistema el\u00e9trico de grava\u00e7\u00e3o, substituindo o mec\u00e2nico, que Chico Viola desponta de vez para a popularidade. Ali\u00e1s, gravava na Odeon como Francisco Alves e na Parlophon, sua subsidi\u00e1ria, como Chico Viola. \u00c9 na \u201cmarca do templo\u201d que se passar\u00e1 quase toda a sua carreira fonogr\u00e1fica, com breves sa\u00eddas para a RCA Victor (1934 a 1937) e para a Columbia, futura Continental (1939 a 1941).<\/div>\n<div>Desta longa e vitoriosa trajet\u00f3ria de Chico Alves em disco, foram escaladas para este primeiro volume catorze joias de seu repert\u00f3rio. Abrindo-a, o samba \u201cMe faz carinhos\u201d, lan\u00e7ado pela Odeon em janeiro de 1928 para o carnaval, disco 10100-B, matriz 1480, dado como sendo de exclusiva autoria de Chico, mas que na verdade \u00e9 de Ismael Silva, de quem o Rei da Voz o comprou (Ismael queria o dinheiro no ato, por necessidade imediata), e ele tamb\u00e9m o interpretaria na revista \u201cVoc\u00ea quer \u00e9 carinho\u201d, encenada no Teatro Carlos Gomes. No acompanhamento, a Orquestra Pan American do Cassino Copacabana, dirigida pelo palestino Simon Bountman, e tamb\u00e9m conhecida como Orquestra Copacabana, Sim\u00e3o Nacional Orquestra e Orquestra Parlophon (tudo a mesma coisa&#8230;). A faixa 2 \u00e9 \u201cN\u00e3o \u00e9 isso que eu procuro\u201d, outra parceria de Chico Alves com Ismael Silva,dedicada ao maestro Martinez Grau, lan\u00e7ada em setembro do mesmo ano com o n\u00famero 10251-B, matriz 1876, tendo no acompanhamento a Orquestra Rio Artists. O cantor tamb\u00e9m interpretou esse samba em duas revistas encenadas no Teatro Carlos Gomes: \u201cEu quero \u00e9 nota\u201d, em dueto com C\u00e9lia Zenatti, sua primeira mulher, e outra tamb\u00e9m chamada \u201cN\u00e3o \u00e9 isso que eu procuro\u201d. \u201cDeixa essa mulher chorar\u201d faz parte da antol\u00f3gica s\u00e9rie de grava\u00e7\u00f5es que Chico fez em dupla com M\u00e1rio Reis, datada de 9 de setembro de 1930 com lan\u00e7amento em dezembro do mesmo ano, disco 10715-A, matriz 3969. Oficialmente o samba \u00e9 de S\u00edlvio Fernandes, o Brancura (c.1908-1935), malandro hist\u00f3rico do Est\u00e1cio, que ganhou seu apelido por sua cor negra reluzente, mas segundo Bucy Moreira, era de Maciste da Mangueira, que deu parceria a Brancura. \u201cApanhando papel\u201d, grava\u00e7\u00e3o de 30 de janeiro de 1931, lan\u00e7ada em mar\u00e7o do mesmo ano com o n\u00famero 10767-A, matriz 4124, \u00e9 de Get\u00falio Marinho da Silva, o Amor (Salvador, BA, 1889-Rio de Janeiro, 1964) e Ubiratan da Silva. Foi escalado tamb\u00e9m o lado B, \u201cIronia\u201d, do pr\u00f3prio Chico Alves em parceria com Ismael Silva e N\u00edlton Bastos, matriz 4136. Nesse disco, o acompanhamento \u00e9 dos Bambas do Est\u00e1cio, e o bandolim \u00e9 provavelmente do mestre Luperce Miranda. \u201cNem \u00e9 bom falar\u201d, que vem antes de \u201cIronia\u201d em nossa sele\u00e7\u00e3o, \u00e9 do mesmo trio de autores e com o mesmo acompanhamento, grava\u00e7\u00e3o de 27 de novembro de 1930, lan\u00e7ada em janeiro de 31 com o n\u00famero 10755-A, matriz 4067, e um dos hits do carnaval desse ano. Ao ouvir o verso \u201cEu quero uma mulher bem nua\u201d, durante apresenta\u00e7\u00e3o do cantor na R\u00e1dio Sociedade, seu propriet\u00e1rio, Roquette Pinto, tamb\u00e9m pioneiro da radiodifus\u00e3o no Brasil, comentou: \u201cTodos n\u00f3s queremos, mas n\u00e3o \u00e9 preciso dizer\u201d&#8230;\u00a0\u00a0A sant\u00edssima trindade Chico Alves-Ismael Silva-N\u00edlton Bastos tamb\u00e9m assina \u201c\u00c9 bom evitar\u201d, samba lan\u00e7ado pela \u201cmarca do templo\u201d em setembro de 1931 com o n\u00famero 10837-A, matriz 4271. A marchinha \u201cGosto mas n\u00e3o \u00e9 muito\u201d saiu pela Parlophon em dezembro de 1931, com vistas ao carnaval de 32, com o n\u00famero 13375-A, matriz 131302. \u00c9 creditada a Francisco Alves e Ismael Silva, mas sua segunda parte foi composta por Noel Rosa, n\u00e3o creditado nem no disco nem na edi\u00e7\u00e3o. Nessa \u00e9poca, o governo provis\u00f3rio de Get\u00falio Vargas admitia milhares de correligion\u00e1rios no servi\u00e7o p\u00fablico, a ponto de, para brecar novos pedidos, em tempos de crise profunda, ser exigido dos postulantes requerimento estampilhado, com foto e selos, da\u00ed o verso \u201cTraz o retrato e a estampilha\u201d. Temos tamb\u00e9m o lado B, matriz 131308: \u201cAmar\u201d, samba do pr\u00f3prio Chico mais Ismael Silva e N\u00edlton Bastos, este \u00faltimo n\u00e3o creditado na edi\u00e7\u00e3o. Do Parlophon 13377, tamb\u00e9m lan\u00e7ado em dezembro de 1931 para o carnaval de 32, temos o lado A, matriz 131306: o samba \u201cSonhei\u201d, do mesmo trio de autores da faixa anterior. Chico Alves e Ismael Silva assinam a faixa seguinte, o samba \u201cGandaia\u201d, grava\u00e7\u00e3o Odeon de 23 de mar\u00e7o de 1932, lan\u00e7ada em maio do mesmo ano, disco 10906-B, matriz 4420. Da parceria Noel Rosa-Ismael Silva \u00e9 o samba \u201cAndo cismado\u201d, grava\u00e7\u00e3o de 27 de outubro de 1932, lan\u00e7ada em dezembro seguinte com o n\u00famero 10936-A, matriz 4532. Para encerrar, duas faixas do per\u00edodo final de Chico Alves na Odeon, ambas can\u00e7\u00f5es visando as festas natalinas, e gravadas em 5 de dezembro de 1950, por\u00e9m s\u00f3 lan\u00e7adas um ano mais tarde, dezembro de 51, com o n\u00famero 13198: \u201cSinos de Natal\u201d (lado B, matriz 8877), de Victor Simon (autor dos cl\u00e1ssicos \u201cBom dia, caf\u00e9\u201d e \u201cO vagabundo\u201d) e Wilson Roberto, e a \u201cCan\u00e7\u00e3o de Natal do Brasil\u201d, parceria do pr\u00f3prio Rei da Voz com David Nasser e Felisberto Martins, na \u00e9poca diretor art\u00edstico da \u201cmarca do templo\u201d (lado A, matriz 8876). Embora ainda estejamos longe do Natal, as faixas s\u00e3o apropriadas para encerrar a primeira parte deste nosso retrospecto. Semana que vem a gente se encontra com mais Chico Alves. At\u00e9 l\u00e1!<\/div>\n<div><\/div>\n<div>Texto de SAMUEL MACHADO FILHO.<\/div>\n<div><\/div>\n<\/div>\n<div><\/div>\n","protected":false},"excerpt":{"rendered":"<p>Vejam voc\u00eas, amigos cultos, ocultos e associados do TM: j\u00e1 estamos na sexag\u00e9sima-primeira edi\u00e7\u00e3o do Grand Record Brazil! Sinceramente, eu e o Augusto n\u00e3o esper\u00e1vamos que a coisa fosse t\u00e3o longe, o que muito devemos ao apoio e ao prest\u00edgio &hellip; <a href=\"https:\/\/www.toque-musicall.com\/?p=3225\">Continue lendo <span class=\"meta-nav\">&rarr;<\/span><\/a><\/p>\n","protected":false},"author":1,"featured_media":0,"comment_status":"open","ping_status":"closed","sticky":false,"template":"","format":"standard","meta":{"footnotes":""},"categories":[115,13],"tags":[],"class_list":["post-3225","post","type-post","status-publish","format-standard","hentry","category-francisco-alves","category-selo-grand-record-brazil"],"_links":{"self":[{"href":"https:\/\/www.toque-musicall.com\/index.php?rest_route=\/wp\/v2\/posts\/3225","targetHints":{"allow":["GET"]}}],"collection":[{"href":"https:\/\/www.toque-musicall.com\/index.php?rest_route=\/wp\/v2\/posts"}],"about":[{"href":"https:\/\/www.toque-musicall.com\/index.php?rest_route=\/wp\/v2\/types\/post"}],"author":[{"embeddable":true,"href":"https:\/\/www.toque-musicall.com\/index.php?rest_route=\/wp\/v2\/users\/1"}],"replies":[{"embeddable":true,"href":"https:\/\/www.toque-musicall.com\/index.php?rest_route=%2Fwp%2Fv2%2Fcomments&post=3225"}],"version-history":[{"count":1,"href":"https:\/\/www.toque-musicall.com\/index.php?rest_route=\/wp\/v2\/posts\/3225\/revisions"}],"predecessor-version":[{"id":3226,"href":"https:\/\/www.toque-musicall.com\/index.php?rest_route=\/wp\/v2\/posts\/3225\/revisions\/3226"}],"wp:attachment":[{"href":"https:\/\/www.toque-musicall.com\/index.php?rest_route=%2Fwp%2Fv2%2Fmedia&parent=3225"}],"wp:term":[{"taxonomy":"category","embeddable":true,"href":"https:\/\/www.toque-musicall.com\/index.php?rest_route=%2Fwp%2Fv2%2Fcategories&post=3225"},{"taxonomy":"post_tag","embeddable":true,"href":"https:\/\/www.toque-musicall.com\/index.php?rest_route=%2Fwp%2Fv2%2Ftags&post=3225"}],"curies":[{"name":"wp","href":"https:\/\/api.w.org\/{rel}","templated":true}]}}