{"id":3227,"date":"2013-07-09T09:08:52","date_gmt":"2013-07-09T12:08:52","guid":{"rendered":"http:\/\/www.toque-musicall.com\/?p=3227"},"modified":"2013-07-10T09:13:11","modified_gmt":"2013-07-10T12:13:11","slug":"sambalanco-trio-vol-2-1965","status":"publish","type":"post","link":"https:\/\/www.toque-musicall.com\/?p=3227","title":{"rendered":"Sambalan\u00e7o Trio &#8211; Vol. 2 (1965)"},"content":{"rendered":"<p><img loading=\"lazy\" decoding=\"async\" class=\"aligncenter\" src=\"http:\/\/4.bp.blogspot.com\/-c1FCnpV_LOg\/Ud1KiQrioII\/AAAAAAAAHCQ\/qX-7IV-D77A\/s640\/folder.jpg\" alt=\"\" width=\"630\" height=\"640\" \/><img loading=\"lazy\" decoding=\"async\" class=\"aligncenter\" src=\"http:\/\/4.bp.blogspot.com\/-RZx_hEwfmFc\/Ud1KZqjozcI\/AAAAAAAAHCI\/JQjTQ-IjgGU\/s640\/sambalan\u00e7o+Bp.JPG\" alt=\"\" width=\"640\" height=\"640\" \/><\/p>\n<p>Ol\u00e1 amigos cultos e ocultos! Hoje eu estou num aperto s\u00f3, quase sem tempo para o Toque Musical, mas vamos l\u00e1 rapidinho&#8230; Vamos com um disco que n\u00e3o precisa ficar dando muita explica\u00e7\u00e3o. A contra capa j\u00e1 nos d\u00e1 todas as informa\u00e7\u00f5es necess\u00e1rias e al\u00e9m do mais, este \u00e9 um disco que j\u00e1 foi bem divulgado em outros blogs. Estou postando aqui para aqueles que n\u00e3o tiveram a chance de conhecer, ou querem tamb\u00e9m conferir o toque aqui do Augusto \ud83d\ude09<br \/>\nSambalan\u00e7o foi um dos muitos e excelentes grupos da era Bossa Nova. Formado no in\u00edcio dos anos 60 por tr\u00eas grandes m\u00fasicos, Cesar Camargo Mariano, Airto Moreira e Clayber. Este disco foi o segundo lan\u00e7ado por eles, pelo selo Som Maior, em 1965. Como se pode ver na contracapa, o repert\u00f3rio \u00e9 fino! E os caras s\u00e3o foda! Disca\u00e7o, que mesmo bem manjado merecia estar aqui. \ud83d\ude42<\/p>\n<div style=\"text-align: center;\">nana<\/div>\n<div style=\"text-align: center;\">reza<\/div>\n<div style=\"text-align: center;\">estamos a\u00ed<\/div>\n<div style=\"text-align: center;\">deus brasileiro<\/div>\n<div style=\"text-align: center;\">preciso aprender a ser s\u00f3<\/div>\n<div style=\"text-align: center;\">cangaceiro<\/div>\n<div style=\"text-align: center;\">improviso negro<\/div>\n<div style=\"text-align: center;\">roda de samba<\/div>\n<div style=\"text-align: center;\">voc\u00ea<\/div>\n<div style=\"text-align: center;\">can\u00e7\u00e3o que veio de dentro do azul<\/div>\n<div style=\"text-align: center;\">samba de ver\u00e3o<\/div>\n<div style=\"text-align: center;\"><\/div>\n<div style=\"text-align: center;\">.<\/div>\n","protected":false},"excerpt":{"rendered":"<p>Ol\u00e1 amigos cultos e ocultos! Hoje eu estou num aperto s\u00f3, quase sem tempo para o Toque Musical, mas vamos l\u00e1 rapidinho&#8230; Vamos com um disco que n\u00e3o precisa ficar dando muita explica\u00e7\u00e3o. A contra capa j\u00e1 nos d\u00e1 todas &hellip; <a href=\"https:\/\/www.toque-musicall.com\/?p=3227\">Continue lendo <span class=\"meta-nav\">&rarr;<\/span><\/a><\/p>\n","protected":false},"author":1,"featured_media":0,"comment_status":"open","ping_status":"closed","sticky":false,"template":"","format":"standard","meta":{"footnotes":""},"categories":[574,342,1714,2178],"tags":[],"class_list":["post-3227","post","type-post","status-publish","format-standard","hentry","category-airto-moreira","category-cesar-camargo-mariano","category-clayber","category-selo-som-maior"],"_links":{"self":[{"href":"https:\/\/www.toque-musicall.com\/index.php?rest_route=\/wp\/v2\/posts\/3227","targetHints":{"allow":["GET"]}}],"collection":[{"href":"https:\/\/www.toque-musicall.com\/index.php?rest_route=\/wp\/v2\/posts"}],"about":[{"href":"https:\/\/www.toque-musicall.com\/index.php?rest_route=\/wp\/v2\/types\/post"}],"author":[{"embeddable":true,"href":"https:\/\/www.toque-musicall.com\/index.php?rest_route=\/wp\/v2\/users\/1"}],"replies":[{"embeddable":true,"href":"https:\/\/www.toque-musicall.com\/index.php?rest_route=%2Fwp%2Fv2%2Fcomments&post=3227"}],"version-history":[{"count":1,"href":"https:\/\/www.toque-musicall.com\/index.php?rest_route=\/wp\/v2\/posts\/3227\/revisions"}],"predecessor-version":[{"id":3228,"href":"https:\/\/www.toque-musicall.com\/index.php?rest_route=\/wp\/v2\/posts\/3227\/revisions\/3228"}],"wp:attachment":[{"href":"https:\/\/www.toque-musicall.com\/index.php?rest_route=%2Fwp%2Fv2%2Fmedia&parent=3227"}],"wp:term":[{"taxonomy":"category","embeddable":true,"href":"https:\/\/www.toque-musicall.com\/index.php?rest_route=%2Fwp%2Fv2%2Fcategories&post=3227"},{"taxonomy":"post_tag","embeddable":true,"href":"https:\/\/www.toque-musicall.com\/index.php?rest_route=%2Fwp%2Fv2%2Ftags&post=3227"}],"curies":[{"name":"wp","href":"https:\/\/api.w.org\/{rel}","templated":true}]}}