{"id":3229,"date":"2013-07-11T11:20:02","date_gmt":"2013-07-11T14:20:02","guid":{"rendered":"http:\/\/www.toque-musicall.com\/?p=3229"},"modified":"2013-07-11T11:20:02","modified_gmt":"2013-07-11T14:20:02","slug":"luiz-bonfa-alta-versatilidade-1957","status":"publish","type":"post","link":"https:\/\/www.toque-musicall.com\/?p=3229","title":{"rendered":"Luiz Bonf\u00e1 &#8211; Alta Versatilidade (1957)"},"content":{"rendered":"<p><img loading=\"lazy\" decoding=\"async\" class=\"alignnone\" src=\"http:\/\/4.bp.blogspot.com\/-qbSxZaY3R0o\/Ud6v-ckOYjI\/AAAAAAAAHCo\/iHZp_dCQhgI\/s640\/luiz+Fp.JPG\" alt=\"\" width=\"636\" height=\"640\" \/><img loading=\"lazy\" decoding=\"async\" class=\"aligncenter\" src=\"http:\/\/3.bp.blogspot.com\/-12KMTzzRnwU\/Ud6v4IPunQI\/AAAAAAAAHCg\/TyLFq8VfKIA\/s640\/luiz+Bp.JPG\" alt=\"\" width=\"640\" height=\"640\" \/><\/p>\n<p>Ol\u00e1 amigos cultos e ocultos! Continuo num corre corre danado, sem muito tempo para o blog. Principalmente neste m\u00eas de julho, onde o Toque Musical completa 6 anos de resist\u00eancia. Fico nessas horas pensando quanta pedra no caminho, quanto trope\u00e7o, quantas investidas de ataque, quantas vezes tive que mudar o rumo do blog por conta de alguns desafetos, que diga-se de passagem eu entendo mais como inveja, despeito ou mesmo pura sacanagem. Enfim, entre trancos e barrancos o TM continua&#8230; agora ainda mais &#8216;cult&#8217;, s\u00f3 para seus associados.<br \/>\nTrago hoje para voc\u00eas outro disco do Luiz Bonf\u00e1. Um excelente lp lan\u00e7ado pela Odeon em 1957. Creio que foi um dos primeiros lps da Odeon em formato 12 polegadas, ou seja, um vinil padr\u00e3o como conhecemos hoje. &#8220;Alta Versatilidade&#8221; foi tamb\u00e9m lan\u00e7ado nos &#8216;States&#8217; e suponho que as grava\u00e7oes foram feitas pensando nisso, num lan\u00e7amento na terra do Tio Sam. Os arranjos e reg\u00eancia s\u00e3o do maestro Leo Peracchi. Trata de um excelente trabalho cujo o repert\u00f3rio faz a alegria principalmente de quem toca viol\u00e3o. Mas n\u00e3o se limita aos amantes da t\u00e9cnica. \u00c9 acima de tudo um disco, com disse o Jos\u00e9 Fernandes no texto de contracapa, &#8220;um conjunto de obras primas que se destina \u00e0s pessoas de bom gosto&#8221;.<br \/>\nEste \u00e9 mais um disco j\u00e1 bem manjado em blogs e outras fontes. Mesmo assim \u00e9 mais um que precisava constar aqui \ud83d\ude09 S\u00f3 para quem \u00e9 &#8216;cult and cool&#8217;. \ud83d\ude09<\/p>\n<div style=\"text-align: center;\">mambolero<\/div>\n<div style=\"text-align: center;\">cajita de musica<\/div>\n<div style=\"text-align: center;\">over the rainbow<\/div>\n<div style=\"text-align: center;\">garoto<\/div>\n<div style=\"text-align: center;\">can\u00e7\u00e3o de outono<\/div>\n<div style=\"text-align: center;\">calles de espa\u00f1a<\/div>\n<div style=\"text-align: center;\">batucada<\/div>\n<div style=\"text-align: center;\">sambolero<\/div>\n<div style=\"text-align: center;\">monique<\/div>\n<div style=\"text-align: center;\">tenderley<\/div>\n<div style=\"text-align: center;\">serenata<\/div>\n<div style=\"text-align: center;\">xang\u00f4<\/div>\n<div style=\"text-align: center;\"><\/div>\n<div style=\"text-align: center;\">.<\/div>\n","protected":false},"excerpt":{"rendered":"<p>Ol\u00e1 amigos cultos e ocultos! Continuo num corre corre danado, sem muito tempo para o blog. Principalmente neste m\u00eas de julho, onde o Toque Musical completa 6 anos de resist\u00eancia. Fico nessas horas pensando quanta pedra no caminho, quanto trope\u00e7o, &hellip; <a href=\"https:\/\/www.toque-musicall.com\/?p=3229\">Continue lendo <span class=\"meta-nav\">&rarr;<\/span><\/a><\/p>\n","protected":false},"author":1,"featured_media":0,"comment_status":"open","ping_status":"closed","sticky":false,"template":"","format":"standard","meta":{"footnotes":""},"categories":[2069,86],"tags":[],"class_list":["post-3229","post","type-post","status-publish","format-standard","hentry","category-luiz-bonfa","category-selo-odeon"],"_links":{"self":[{"href":"https:\/\/www.toque-musicall.com\/index.php?rest_route=\/wp\/v2\/posts\/3229","targetHints":{"allow":["GET"]}}],"collection":[{"href":"https:\/\/www.toque-musicall.com\/index.php?rest_route=\/wp\/v2\/posts"}],"about":[{"href":"https:\/\/www.toque-musicall.com\/index.php?rest_route=\/wp\/v2\/types\/post"}],"author":[{"embeddable":true,"href":"https:\/\/www.toque-musicall.com\/index.php?rest_route=\/wp\/v2\/users\/1"}],"replies":[{"embeddable":true,"href":"https:\/\/www.toque-musicall.com\/index.php?rest_route=%2Fwp%2Fv2%2Fcomments&post=3229"}],"version-history":[{"count":1,"href":"https:\/\/www.toque-musicall.com\/index.php?rest_route=\/wp\/v2\/posts\/3229\/revisions"}],"predecessor-version":[{"id":3230,"href":"https:\/\/www.toque-musicall.com\/index.php?rest_route=\/wp\/v2\/posts\/3229\/revisions\/3230"}],"wp:attachment":[{"href":"https:\/\/www.toque-musicall.com\/index.php?rest_route=%2Fwp%2Fv2%2Fmedia&parent=3229"}],"wp:term":[{"taxonomy":"category","embeddable":true,"href":"https:\/\/www.toque-musicall.com\/index.php?rest_route=%2Fwp%2Fv2%2Fcategories&post=3229"},{"taxonomy":"post_tag","embeddable":true,"href":"https:\/\/www.toque-musicall.com\/index.php?rest_route=%2Fwp%2Fv2%2Ftags&post=3229"}],"curies":[{"name":"wp","href":"https:\/\/api.w.org\/{rel}","templated":true}]}}