{"id":323,"date":"2011-09-11T14:41:00","date_gmt":"2011-09-11T14:41:00","guid":{"rendered":"http:\/\/www.toque-musicall.com\/?p=323"},"modified":"2011-09-11T14:41:00","modified_gmt":"2011-09-11T14:41:00","slug":"som-nosso-de-cada-dia-live-94-1994","status":"publish","type":"post","link":"https:\/\/www.toque-musicall.com\/?p=323","title":{"rendered":"Som Nosso de Cada Dia &#8211; Live &#8217;94 (1994)"},"content":{"rendered":"<div style=\"clear: both; text-align: center;\"><a href=\"http:\/\/2.bp.blogspot.com\/-g7yPAv0re5w\/Tmy494NKtDI\/AAAAAAAAISY\/v34U26rpdGE\/s1600\/som+nosso+P.JPG\" style=\"margin-left: 1em; margin-right: 1em;\"><img loading=\"lazy\" decoding=\"async\" border=\"0\" height=\"400\" src=\"http:\/\/2.bp.blogspot.com\/-g7yPAv0re5w\/Tmy494NKtDI\/AAAAAAAAISY\/v34U26rpdGE\/s400\/som+nosso+P.JPG\" width=\"390\" \/><\/a><\/div>\n<p>Bom dia, amigos cultos e ocultos. Somente ontem, atrav\u00e9s de um coment\u00e1rio feito no blog foi que eu fiquei sabendo do falecimento do Manito, grande m\u00fasico multinstrumentista dOs Incr\u00edveis, Som Nosso de Cada Dia e com passagem pelos Mutantes. Fiquei chateado, pois era um m\u00fasico que eu admirava muito. Andava meio sumido, eu n\u00e3o sabia que ele estava doente e sofrendo, como relataram alguns amigos. Poxa, fiquei mesmo pesaroso. Sempre corri atr\u00e1s de seus trabalhos, principalmente os solos e incurs\u00f5es em outros g\u00eaneros, como o jazz. Sei tamb\u00e9m que ele foi pau para muita obra em discos dos mais diferentes artistas. Emprestou seu talento para enriquecer o trabalho de outros artistas e nem sempre recebeu os m\u00e9ritos e cr\u00e9ditos. Foi, sem d\u00favida, uma grande perda para a m\u00fasica brasileira.<br \/>Em homenagem ao Super Manito, eu estou postando aqui este registro, ao lado do Som Nosso De Cada Dia, numa apresenta\u00e7\u00e3o ao vivo no Centro Cultural de S\u00e3o Paulo, em 1994. &#8220;Live &#8217;94&#8221; foi lan\u00e7ado em formato cd pelos produtores M\u00e1rcio de Mello Moreira e Cl\u00e1udia Vidal, do selo Progressive Rock Worldwide, respons\u00e1vel pelo lan\u00e7amento e relan\u00e7amento do h\u00e1 de melhor no rock progressivo nacional. O cl\u00e1ssico \u00e1lbum &#8220;<a href=\"http:\/\/toque-musicall.blogspot.com\/2009\/08\/som-nosso-de-cada-dia-snegs-1977.html\">Snegs<\/a>&#8220;, j\u00e1 postado anteriormente aqui no TM, foi tamb\u00e9m um relan\u00e7amento da turma do PRW.<br \/>&#8220;Live &#8217;94&#8221; nos mostra um Som Nosso um pouco diferente dos idos anos 70, o que \u00e9 natural, afinal os caras amadureceram, ganharam mais experi\u00eancia, por\u00e9m, perderam aquele f\u00f4lego e o esp\u00edrito setent\u00e3o. A banda traz al\u00e9m dos membros originais (Manito, Pedrinho e Pedr\u00e3o), Jean Trad nas guitarrras e Homero Lotito nos teclados. O som \u00e9 um pouquinho diferente, mas tudo bem, ainda assim faz qualquer fan feliz, ou pelo menos numa vontade danada de ouvir &#8220;Snegs&#8221;, ou mesmo quem sabe o &#8220;<a href=\"http:\/\/toque-musicall.blogspot.com\/2007\/10\/som-nosso-de-cada-dia-sabadodomingo.html\">S\u00e1bado\/Domingo<\/a>&#8220;, outro \u00e1lbum tamb\u00e9m j\u00e1 postado por aqui (e muito bom, diga-se de passagem).<br \/>Fica ent\u00e3o a minha homenagem \u00e0 esse grande m\u00fasico, que agora vai tocar no c\u00e9u. Dizem que do lado de l\u00e1, a qualidade musical est\u00e1 cada vez melhor. Um dia eu ainda confiro&#8230; Ah, e por falar em conferir, n\u00e3o deixem de ver e ouvir o disco solo do <a href=\"http:\/\/toque-musicall.blogspot.com\/2007\/09\/manito-o-incrvel-manito-1970.html\">Incr\u00edvel Manito<\/a>, que tamb\u00e9m foi postado aqui no nosso Toque Musical. Salve o Manito! Descance em paz.<\/p>\n<div style=\"text-align: center;\">intro &#8211; o guarani<\/div>\n<div style=\"text-align: center;\">som nosso de cada dia<\/div>\n<div style=\"text-align: center;\">nada pr\u00e1 lembrar<\/div>\n<div style=\"text-align: center;\">bixo do mato<\/div>\n<div style=\"text-align: center;\">tinta preta fosca<\/div>\n<div style=\"text-align: center;\">docas<\/div>\n<div style=\"text-align: center;\">doce gente m\u00e1<\/div>\n<div style=\"text-align: center;\">o amor<\/div>\n<div style=\"text-align: center;\">pr\u00e1 swingar<\/div>\n<div style=\"text-align: center;\">sinal da paran\u00f3ia<\/div>\n","protected":false},"excerpt":{"rendered":"<p>Bom dia, amigos cultos e ocultos. Somente ontem, atrav\u00e9s de um coment\u00e1rio feito no blog foi que eu fiquei sabendo do falecimento do Manito, grande m\u00fasico multinstrumentista dOs Incr\u00edveis, Som Nosso de Cada Dia e com passagem pelos Mutantes. Fiquei &hellip; <a href=\"https:\/\/www.toque-musicall.com\/?p=323\">Continue lendo <span class=\"meta-nav\">&rarr;<\/span><\/a><\/p>\n","protected":false},"author":1,"featured_media":0,"comment_status":"open","ping_status":"closed","sticky":false,"template":"","format":"standard","meta":{"footnotes":""},"categories":[551,550],"tags":[],"class_list":["post-323","post","type-post","status-publish","format-standard","hentry","category-selo-progressive-rock-worldwide","category-som-nosso-de-cada-dia"],"_links":{"self":[{"href":"https:\/\/www.toque-musicall.com\/index.php?rest_route=\/wp\/v2\/posts\/323","targetHints":{"allow":["GET"]}}],"collection":[{"href":"https:\/\/www.toque-musicall.com\/index.php?rest_route=\/wp\/v2\/posts"}],"about":[{"href":"https:\/\/www.toque-musicall.com\/index.php?rest_route=\/wp\/v2\/types\/post"}],"author":[{"embeddable":true,"href":"https:\/\/www.toque-musicall.com\/index.php?rest_route=\/wp\/v2\/users\/1"}],"replies":[{"embeddable":true,"href":"https:\/\/www.toque-musicall.com\/index.php?rest_route=%2Fwp%2Fv2%2Fcomments&post=323"}],"version-history":[{"count":0,"href":"https:\/\/www.toque-musicall.com\/index.php?rest_route=\/wp\/v2\/posts\/323\/revisions"}],"wp:attachment":[{"href":"https:\/\/www.toque-musicall.com\/index.php?rest_route=%2Fwp%2Fv2%2Fmedia&parent=323"}],"wp:term":[{"taxonomy":"category","embeddable":true,"href":"https:\/\/www.toque-musicall.com\/index.php?rest_route=%2Fwp%2Fv2%2Fcategories&post=323"},{"taxonomy":"post_tag","embeddable":true,"href":"https:\/\/www.toque-musicall.com\/index.php?rest_route=%2Fwp%2Fv2%2Ftags&post=323"}],"curies":[{"name":"wp","href":"https:\/\/api.w.org\/{rel}","templated":true}]}}