{"id":3236,"date":"2013-07-13T22:52:46","date_gmt":"2013-07-14T01:52:46","guid":{"rendered":"http:\/\/www.toque-musicall.com\/?p=3236"},"modified":"2013-07-13T22:52:46","modified_gmt":"2013-07-14T01:52:46","slug":"joao-penca-e-seus-os-miquinhos-amestrados-cem-anos-de-rocknroll-1991","status":"publish","type":"post","link":"https:\/\/www.toque-musicall.com\/?p=3236","title":{"rendered":"Jo\u00e3o Penca E Seus Os Miquinhos Amestrados &#8211; Cem Anos De Rock&#8217;n&#8217;roll (1991)"},"content":{"rendered":"<p><img loading=\"lazy\" decoding=\"async\" class=\"aligncenter\" src=\"http:\/\/1.bp.blogspot.com\/-k4AYzJDp-UA\/UeH4W-Xb9tI\/AAAAAAAAHEU\/3L8n_3eOMSU\/s640\/capap.JPG\" alt=\"\" width=\"636\" height=\"640\" \/><img loading=\"lazy\" decoding=\"async\" class=\"aligncenter\" src=\"http:\/\/3.bp.blogspot.com\/-E0B4oW1TGwE\/UeH4MiIqEDI\/AAAAAAAAHEM\/o2XemzDxGw0\/s640\/contrap.JPG\" alt=\"\" width=\"639\" height=\"640\" \/><\/p>\n<p>Boa noite, meus prezados roqueiros cultos e ocultos! \u00c9, hoje a introdu\u00e7\u00e3o veio um pouco diferente, direcionada \u00e0queles que carregam consigo o esp\u00edrito do velho e bom rock&#8217;n&#8217;roll. Afinal, hoje \u00e9 o Dia Mundial do Rock! Por certo, o rock em todas as suas vertentes, mas principalmente em seu estado e caracter\u00edsticas originais. Nesse sentido foi que eu escolhi para comemorarmos o dia com este disco do trio Jo\u00e3o Penca e Seus Miquinhos Amestrados, um aut\u00eantico representante do g\u00eanero da &#8216;velha escola&#8217;, o tradicional rock&#8217;n&#8217;roll. &#8220;Cem Anos de Rock&#8217;n&#8217;roll&#8221; foi um \u00e1lbum lan\u00e7ado no in\u00edcio dos anos 90 e traz em sua produ\u00e7\u00e3o todos os elementos retr\u00f4 daqueles anos dourados, os primeiros passos do rock.<br \/>\nVejam voc\u00eas como ainda hoje (e sempre) \u00e9 dia de rock. Ali\u00e1s, \u00e9 bom que se diga, rock n\u00e3o \u00e9 um estilo, \u00e9 sim atitude!<br \/>\nEsta postagem de hoje tem por objetivo apenas registrar aqui esta data, afinal, embora eu j\u00e1 tenha postado v\u00e1rios discos de rock tupiniquim, nunca fiz refer\u00eancia ao Dia do Rock. Como eu hoje passei o dia todo ouvindo de Carl Perkins \u00e0 Pearl Jam, de Cauby \u00e0 Beach Combers, acho que para bem dosar, Jo\u00e3o Penca veio a calhar \ud83d\ude09<\/p>\n<div style=\"text-align: center;\">papa umana<\/div>\n<div style=\"text-align: center;\">ma beibe, beibe<\/div>\n<div style=\"text-align: center;\">o bom e o velho rock&#8217;n&#8217;roll<\/div>\n<div style=\"text-align: center;\">o monstro suga suga<\/div>\n<div style=\"text-align: center;\">mulheres<\/div>\n<div style=\"text-align: center;\">viver, sonhar<\/div>\n<div style=\"text-align: center;\">esse meu cabelo rock<\/div>\n<div style=\"text-align: center;\">o escorpi\u00e3o escarlate<\/div>\n<div style=\"text-align: center;\">j. holmes e a guitarra solit\u00e1ria<\/div>\n<div style=\"text-align: center;\"><\/div>\n<div style=\"text-align: center;\">.<\/div>\n<div style=\"text-align: center;\"><\/div>\n","protected":false},"excerpt":{"rendered":"<p>Boa noite, meus prezados roqueiros cultos e ocultos! \u00c9, hoje a introdu\u00e7\u00e3o veio um pouco diferente, direcionada \u00e0queles que carregam consigo o esp\u00edrito do velho e bom rock&#8217;n&#8217;roll. Afinal, hoje \u00e9 o Dia Mundial do Rock! Por certo, o rock &hellip; <a href=\"https:\/\/www.toque-musicall.com\/?p=3236\">Continue lendo <span class=\"meta-nav\">&rarr;<\/span><\/a><\/p>\n","protected":false},"author":1,"featured_media":0,"comment_status":"open","ping_status":"closed","sticky":false,"template":"","format":"standard","meta":{"footnotes":""},"categories":[2187,526],"tags":[],"class_list":["post-3236","post","type-post","status-publish","format-standard","hentry","category-joao-penca-e-seus-miquinhos-amestrados","category-selo-eldorado"],"_links":{"self":[{"href":"https:\/\/www.toque-musicall.com\/index.php?rest_route=\/wp\/v2\/posts\/3236","targetHints":{"allow":["GET"]}}],"collection":[{"href":"https:\/\/www.toque-musicall.com\/index.php?rest_route=\/wp\/v2\/posts"}],"about":[{"href":"https:\/\/www.toque-musicall.com\/index.php?rest_route=\/wp\/v2\/types\/post"}],"author":[{"embeddable":true,"href":"https:\/\/www.toque-musicall.com\/index.php?rest_route=\/wp\/v2\/users\/1"}],"replies":[{"embeddable":true,"href":"https:\/\/www.toque-musicall.com\/index.php?rest_route=%2Fwp%2Fv2%2Fcomments&post=3236"}],"version-history":[{"count":1,"href":"https:\/\/www.toque-musicall.com\/index.php?rest_route=\/wp\/v2\/posts\/3236\/revisions"}],"predecessor-version":[{"id":3237,"href":"https:\/\/www.toque-musicall.com\/index.php?rest_route=\/wp\/v2\/posts\/3236\/revisions\/3237"}],"wp:attachment":[{"href":"https:\/\/www.toque-musicall.com\/index.php?rest_route=%2Fwp%2Fv2%2Fmedia&parent=3236"}],"wp:term":[{"taxonomy":"category","embeddable":true,"href":"https:\/\/www.toque-musicall.com\/index.php?rest_route=%2Fwp%2Fv2%2Fcategories&post=3236"},{"taxonomy":"post_tag","embeddable":true,"href":"https:\/\/www.toque-musicall.com\/index.php?rest_route=%2Fwp%2Fv2%2Ftags&post=3236"}],"curies":[{"name":"wp","href":"https:\/\/api.w.org\/{rel}","templated":true}]}}