{"id":3238,"date":"2013-07-14T23:17:06","date_gmt":"2013-07-15T02:17:06","guid":{"rendered":"http:\/\/www.toque-musicall.com\/?p=3238"},"modified":"2013-07-14T23:17:06","modified_gmt":"2013-07-15T02:17:06","slug":"dorival-caymmi-caymmi-1985","status":"publish","type":"post","link":"https:\/\/www.toque-musicall.com\/?p=3238","title":{"rendered":"Dorival Caymmi &#8211; Caymmi (1985)"},"content":{"rendered":"<p><img loading=\"lazy\" decoding=\"async\" class=\"aligncenter\" src=\"http:\/\/2.bp.blogspot.com\/-cgdC8pPWmmo\/UeNMDb1ZtUI\/AAAAAAAAHE0\/5a_yXLSjMTc\/s640\/caixa+Fp.JPG\" alt=\"\" width=\"636\" height=\"640\" \/><img loading=\"lazy\" decoding=\"async\" class=\"aligncenter\" src=\"http:\/\/2.bp.blogspot.com\/-AGSGJVSPq-Q\/UeNLwtXRkkI\/AAAAAAAAHEs\/UOU18ReyWnU\/s640\/bookp.JPG\" alt=\"\" width=\"615\" height=\"640\" \/><img loading=\"lazy\" decoding=\"async\" class=\"aligncenter\" src=\"http:\/\/3.bp.blogspot.com\/-oBhIqF0eg2c\/UeNLa59i3AI\/AAAAAAAAHEo\/LLsi8pSwqHo\/s640\/capap.JPG\" alt=\"\" width=\"631\" height=\"640\" \/><\/p>\n<p>Boa noite, amigos cultos e ocultos! Hoje, domingo, estou fazendo a minha \u00faltima postagem antes de entrar de f\u00e9rias. S\u00e3o f\u00e9rias curtas, apenas uns dez dias, mas o suficiente para eu descansar. Depois eu volto para ainda a tempo brindarmos os 6 anos do blog Toque Musical. E para luminar a cavernar e abrilhantar nosso espa\u00e7o, vou deixar durante esse tempo um presente especial. Aqui, tudo \u00e9 ao contr\u00e1rio. Eu saio e deixo a luz acessa. Fa\u00e7o anivers\u00e1rio e dou presente. \ud83d\ude42<br \/>\nOlha a\u00ed, depois de tantos pedidos, estou trazendo para voc\u00eas este disco de Dorival Caymmi. Uma produ\u00e7\u00e3o limitada, sob os ausp\u00edcios da Funda\u00e7\u00e3o Em\u00edlio Odebrecht. Lan\u00e7ado n\u00e3o comercialmente em 1985 para um seleto grupo, em um luxuoso box contendo al\u00e9m de um \u00e1lbum d\u00faplo, um livro sobre o artista (Caymmi &#8211; Som Imagem Magia). O conte\u00fado fonogr\u00e1fico ficaria in\u00e9dito at\u00e9 1997, quando ent\u00e3o recebeu um edi\u00e7\u00e3o em \u00a0cd. Mas podemos dizer que j\u00e1 se trata de um material fora de cat\u00e1logo e consequentemente, merece a nossa aten\u00e7\u00e3o.<br \/>\nEste disco foi uma produ\u00e7\u00e3o que envolveu o pr\u00f3prio Caymmi. Traz, por certo, algumas das muitas e mais famosas de suas composi\u00e7\u00f5es. Depoimentos de Carib\u00e9, Jorge Amado, Tom Jobim e Caetano Veloso. Para completar o prato, temperos especiais: um time de m\u00fasicos de primeir\u00edssimas, a come\u00e7ar pelo regente e arranjador principal, Radam\u00e9s Gnattali. Ali\u00e1s, um time n\u00e3o, dois ou mais&#8230; N\u00e3o vou nem mencion\u00e1-los para n\u00e3o me estender muito. Essas informa\u00e7\u00f5es v\u00e3o incluidas no &#8216;pacote&#8217;, ok?<\/p>\n<div style=\"text-align: center;\">depoimento de jorge amado<\/div>\n<div style=\"text-align: center;\">\u00e9 doce morrer no mar<\/div>\n<div style=\"text-align: center;\">festa na rua<\/div>\n<div style=\"text-align: center;\">a preta do acaraj\u00e9<\/div>\n<div style=\"text-align: center;\">can\u00e7\u00e0o da partida<\/div>\n<div style=\"text-align: center;\">a lenda do abaet\u00e9<\/div>\n<div style=\"text-align: center;\">o que \u00e9 que a baiana tem?<\/div>\n<div style=\"text-align: center;\">depoimento de caetano veloso<\/div>\n<div style=\"text-align: center;\">depoimento tom jobim<\/div>\n<div style=\"text-align: center;\">das rosas<\/div>\n<div style=\"text-align: center;\">dora<\/div>\n<div style=\"text-align: center;\">eu fim uam viagem<\/div>\n<div style=\"text-align: center;\">peguei um ita no noirte<\/div>\n<div style=\"text-align: center;\">maracangalha<\/div>\n<div style=\"text-align: center;\">acalanto<\/div>\n<div style=\"text-align: center;\">depoimento caryb\u00e9<\/div>\n<div style=\"text-align: center;\">caymmiana<\/div>\n<div style=\"text-align: center;\">voc\u00ea j\u00e1 foi a bahia?<\/div>\n<div style=\"text-align: center;\">jo\u00e3o valent\u00e3o<\/div>\n<div style=\"text-align: center;\">samba da minha terra<\/div>\n<div style=\"text-align: center;\">sarga\u00e7o mar<\/div>\n<div style=\"text-align: center;\">a m\u00e3e d\u00e1gua e a menina<\/div>\n<div style=\"text-align: center;\">pescaria<\/div>\n<div style=\"text-align: center;\">vatap\u00e1<\/div>\n<div style=\"text-align: center;\">marina<\/div>\n<div style=\"text-align: center;\">dois de fevereiro<\/div>\n<div style=\"text-align: center;\">ora\u00e7\u00e3o de m\u00e3e menininha<\/div>\n<div style=\"text-align: center;\"><\/div>\n<div style=\"text-align: center;\">.<\/div>\n<div style=\"text-align: center;\"><\/div>\n","protected":false},"excerpt":{"rendered":"<p>Boa noite, amigos cultos e ocultos! Hoje, domingo, estou fazendo a minha \u00faltima postagem antes de entrar de f\u00e9rias. S\u00e3o f\u00e9rias curtas, apenas uns dez dias, mas o suficiente para eu descansar. Depois eu volto para ainda a tempo brindarmos &hellip; <a href=\"https:\/\/www.toque-musicall.com\/?p=3238\">Continue lendo <span class=\"meta-nav\">&rarr;<\/span><\/a><\/p>\n","protected":false},"author":1,"featured_media":0,"comment_status":"open","ping_status":"closed","sticky":false,"template":"","format":"standard","meta":{"footnotes":""},"categories":[227,25],"tags":[],"class_list":["post-3238","post","type-post","status-publish","format-standard","hentry","category-dorival-caymmi","category-selo-independente"],"_links":{"self":[{"href":"https:\/\/www.toque-musicall.com\/index.php?rest_route=\/wp\/v2\/posts\/3238","targetHints":{"allow":["GET"]}}],"collection":[{"href":"https:\/\/www.toque-musicall.com\/index.php?rest_route=\/wp\/v2\/posts"}],"about":[{"href":"https:\/\/www.toque-musicall.com\/index.php?rest_route=\/wp\/v2\/types\/post"}],"author":[{"embeddable":true,"href":"https:\/\/www.toque-musicall.com\/index.php?rest_route=\/wp\/v2\/users\/1"}],"replies":[{"embeddable":true,"href":"https:\/\/www.toque-musicall.com\/index.php?rest_route=%2Fwp%2Fv2%2Fcomments&post=3238"}],"version-history":[{"count":1,"href":"https:\/\/www.toque-musicall.com\/index.php?rest_route=\/wp\/v2\/posts\/3238\/revisions"}],"predecessor-version":[{"id":3239,"href":"https:\/\/www.toque-musicall.com\/index.php?rest_route=\/wp\/v2\/posts\/3238\/revisions\/3239"}],"wp:attachment":[{"href":"https:\/\/www.toque-musicall.com\/index.php?rest_route=%2Fwp%2Fv2%2Fmedia&parent=3238"}],"wp:term":[{"taxonomy":"category","embeddable":true,"href":"https:\/\/www.toque-musicall.com\/index.php?rest_route=%2Fwp%2Fv2%2Fcategories&post=3238"},{"taxonomy":"post_tag","embeddable":true,"href":"https:\/\/www.toque-musicall.com\/index.php?rest_route=%2Fwp%2Fv2%2Ftags&post=3238"}],"curies":[{"name":"wp","href":"https:\/\/api.w.org\/{rel}","templated":true}]}}