{"id":324,"date":"2011-09-11T01:32:00","date_gmt":"2011-09-11T01:32:00","guid":{"rendered":"http:\/\/www.toque-musicall.com\/?p=324"},"modified":"2011-09-11T01:32:00","modified_gmt":"2011-09-11T01:32:00","slug":"catalogo-karmim-10-anos-2000","status":"publish","type":"post","link":"https:\/\/www.toque-musicall.com\/?p=324","title":{"rendered":"Cat\u00e1logo Karmim &#8211; 10 Anos (2000)"},"content":{"rendered":"<div style=\"clear: both; text-align: center;\"><a href=\"http:\/\/4.bp.blogspot.com\/-X18U2vXWJJU\/TmvpgwBDfuI\/AAAAAAAAISU\/rkiHFCbEH7I\/s1600\/karmim+F.JPG\" style=\"margin-left: 1em; margin-right: 1em;\"><img loading=\"lazy\" decoding=\"async\" border=\"0\" height=\"400\" src=\"http:\/\/4.bp.blogspot.com\/-X18U2vXWJJU\/TmvpgwBDfuI\/AAAAAAAAISU\/rkiHFCbEH7I\/s400\/karmim+F.JPG\" width=\"391\" \/><\/a><\/div>\n<p>Boa noite amigos cultos e ocultos! Acabo de voltar da Feira do Vinil e CD Independente. Oito horas ouvindo, vendo, comprando, vendendo, trocando e falando de discos. Uma verdadeira maratona musical, que mesmo sendo \u00f3tima, chega um momento que cansa. Voltei &#8216;esbudegado&#8217;, como dizia um amigo meu. Para o meu desgosto, no pr\u00e9dio vizinho, por sinal um condom\u00ednio chique, de gente abonada, est\u00e1 rolando um festa. Ou melhor dizendo, um pagod\u00e3o, daqueles que \u00a0me deu vontade de dar meia volta. N\u00e3o fosse o meu cansa\u00e7o e a necessidade de um banho, teria mesmo voltado para rua. \u00d4 dureza!!! Se pelo menos fosse um pagode de verdade, uma roda de samba, mas n\u00e3o&#8230; \u00e9 aquela coisa horrorosa que serve para transformar tudo em pagode. Os caras l\u00e1 em baixo est\u00e3o tocando Legi\u00e3o Urbana, Belo e Lulu Santos do mesmo jeito. Para eles \u00e9 tudo samba. Mas, sinceramente, o que est\u00e1 pegando mesmo e a altura do som. N\u00e3o sei como ningu\u00e9m ainda n\u00e3o reclamou. Chega mesmo a se uma agress\u00e3o e muito deselegante, vindo de gente t\u00e3o fina. Est\u00e1 certo que hoje \u00e9 s\u00e1bado e ainda n\u00e3o s\u00e3o 22 horas, mas convenhamos&#8230; ningu\u00e9m merece. Est\u00e1 dif\u00edcil me concentrar na resenha, mesmo com tamp\u00f5es nos ouvidos. Mas vamos l\u00e1&#8230;<br \/>No contra ataque, eu estou trazendo para voc\u00eas, neste s\u00e1bado de colet\u00e2neas, um disquinho (CD) que veio a cair como uma luva. Tenho aqui uma colet\u00e2nea interessant\u00edssima do cat\u00e1logo do selo mineiro <a href=\"http:\/\/www.karmim.com\/index.htm\">Karmim<\/a>, lan\u00e7ado quando ele completou 10 anos de atividades, produzindo os m\u00fasicos e artistas de Minas Gerais. S\u00e3o 18 m\u00fasicas que d\u00e3o uma boa mostra do n\u00edvel e qualidade dos trabalhos editados pela Karmim. Este cd eu recebi da Carla, represente do selo, que esteve l\u00e1 na feira levando um pouco da produ\u00e7\u00e3o para as pessoas conhecerem. Ela me contou que a Karmim est\u00e1 agora passando por uma transforma\u00e7\u00e3o, se dedicando apenas \u00e0 projetos culturais definidos e aprovados. Seu cat\u00e1logo, ricamente variado, com dezenas de artistas, t\u00edtulos e g\u00eaneros n\u00e3o ser\u00e3o reeditados. Eles est\u00e3o trabalhando com seus estoques finais, edi\u00e7\u00f5es em cd e vinil que podem ser adquiridas diretamente no <a href=\"http:\/\/www.karmim.com\/index.htm\">site<\/a>. O cat\u00e1logo colet\u00e2nea, por certo, n\u00e3o representa a produ\u00e7\u00e3o dos 18 anos do selo, mas ati\u00e7a o desejo e curiosidade daqueles que n\u00e3o abrem m\u00e3o de uma boa m\u00fasica. Ap\u00f3s ouvirem esta sele\u00e7\u00e3o musical, eu acredito que os amigos, principalmente os cultos, n\u00e3o deixar\u00e3o de dar um conferida no <a href=\"http:\/\/www.karmim.com\/index.htm\">site da Karmim<\/a>. \u00a0Para aqueles que n\u00e3o conseguirem adquirir os discos do cat\u00e1logo, n\u00e3o se desesperem. Eles ainda chegaram por aqui \ud83d\ude09<\/p>\n<div style=\"text-align: center;\">valsinha &#8211; arthur moreira lima<\/div>\n<div style=\"text-align: center;\">odeon &#8211; t\u00e2nia mara lopes can\u00e7ado<\/div>\n<div style=\"text-align: center;\">can\u00e7\u00e3o do amanhecer &#8211; gilvan alves<\/div>\n<div style=\"text-align: center;\">nesta rua &#8211; coral infanto juvenil do c.m.i. da escola de m\u00fasica da ufmg<\/div>\n<div style=\"text-align: center;\">cantiga para tereza &#8211; gilvan de oliveira<\/div>\n<div style=\"text-align: center;\">grande valse brilhante &#8211; eduardo hazan<\/div>\n<div style=\"text-align: center;\">suite para flauta e piano jazz &#8211; t\u00e2na mara lopes can\u00e7ado<\/div>\n<div style=\"text-align: center;\">samba do nen\u00e9m &#8211; gilvan de oliveira<\/div>\n<div style=\"text-align: center;\">flor do tempo &#8211; weber lopes<\/div>\n<div style=\"text-align: center;\">paraju &#8211; carlos ernest<\/div>\n<div style=\"text-align: center;\">do cravo bem temperado (prel\u00fadio e fuga em mi maior) ana cec\u00edlia tavares<\/div>\n<div style=\"text-align: center;\">oceano &#8211; thadeu ventura<\/div>\n<div style=\"text-align: center;\">\u00e1rea 51 &#8211; vande lima<\/div>\n<div style=\"text-align: center;\">divers\u00e3o infantil &#8211; edi\u00e7\u00e3o brasileira<\/div>\n<div style=\"text-align: center;\">manuel o audaz &#8211; viol\u00f5es horizonte<\/div>\n<div style=\"text-align: center;\">invierno porte\u00f1o &#8211; fernando ara\u00fajo<\/div>\n<div style=\"text-align: center;\">encruzilhada &#8211; geraldo vianna<\/div>\n<div style=\"text-align: center;\">tambgar\u00e1 &#8211; cleber alves<\/div>\n<div style=\"text-align: center;\"><\/div>\n<div style=\"text-align: center;\"><\/div>\n","protected":false},"excerpt":{"rendered":"<p>Boa noite amigos cultos e ocultos! Acabo de voltar da Feira do Vinil e CD Independente. Oito horas ouvindo, vendo, comprando, vendendo, trocando e falando de discos. Uma verdadeira maratona musical, que mesmo sendo \u00f3tima, chega um momento que cansa. &hellip; <a href=\"https:\/\/www.toque-musicall.com\/?p=324\">Continue lendo <span class=\"meta-nav\">&rarr;<\/span><\/a><\/p>\n","protected":false},"author":1,"featured_media":0,"comment_status":"open","ping_status":"closed","sticky":false,"template":"","format":"standard","meta":{"footnotes":""},"categories":[552,34],"tags":[],"class_list":["post-324","post","type-post","status-publish","format-standard","hentry","category-catalogo-karmim-10-anos","category-selo-karmim"],"_links":{"self":[{"href":"https:\/\/www.toque-musicall.com\/index.php?rest_route=\/wp\/v2\/posts\/324","targetHints":{"allow":["GET"]}}],"collection":[{"href":"https:\/\/www.toque-musicall.com\/index.php?rest_route=\/wp\/v2\/posts"}],"about":[{"href":"https:\/\/www.toque-musicall.com\/index.php?rest_route=\/wp\/v2\/types\/post"}],"author":[{"embeddable":true,"href":"https:\/\/www.toque-musicall.com\/index.php?rest_route=\/wp\/v2\/users\/1"}],"replies":[{"embeddable":true,"href":"https:\/\/www.toque-musicall.com\/index.php?rest_route=%2Fwp%2Fv2%2Fcomments&post=324"}],"version-history":[{"count":0,"href":"https:\/\/www.toque-musicall.com\/index.php?rest_route=\/wp\/v2\/posts\/324\/revisions"}],"wp:attachment":[{"href":"https:\/\/www.toque-musicall.com\/index.php?rest_route=%2Fwp%2Fv2%2Fmedia&parent=324"}],"wp:term":[{"taxonomy":"category","embeddable":true,"href":"https:\/\/www.toque-musicall.com\/index.php?rest_route=%2Fwp%2Fv2%2Fcategories&post=324"},{"taxonomy":"post_tag","embeddable":true,"href":"https:\/\/www.toque-musicall.com\/index.php?rest_route=%2Fwp%2Fv2%2Ftags&post=324"}],"curies":[{"name":"wp","href":"https:\/\/api.w.org\/{rel}","templated":true}]}}