{"id":3240,"date":"2013-07-15T20:25:57","date_gmt":"2013-07-15T23:25:57","guid":{"rendered":"http:\/\/www.toque-musicall.com\/?p=3240"},"modified":"2013-07-15T20:25:57","modified_gmt":"2013-07-15T23:25:57","slug":"francisco-alves-22-selecao-78-rpm-do-toque-musical-vol-62-2013","status":"publish","type":"post","link":"https:\/\/www.toque-musicall.com\/?p=3240","title":{"rendered":"Francisco Alves 2:2 &#8211; Sele\u00e7\u00e3o 78 RPM Do Toque Musical &#8211; Vol. 62 (2013)"},"content":{"rendered":"<p><img loading=\"lazy\" decoding=\"async\" class=\"aligncenter\" src=\"http:\/\/1.bp.blogspot.com\/-0Mkt9m5YZdY\/UeSEJIFMr6I\/AAAAAAAAHFk\/xnHN6bKutII\/s640\/CAPAp.JPG\" alt=\"\" width=\"640\" height=\"640\" \/><img loading=\"lazy\" decoding=\"async\" class=\"alignnone\" src=\"http:\/\/2.bp.blogspot.com\/-erSkvEIo5mo\/UeSD_Jnh8iI\/AAAAAAAAHFc\/cLKZD8PkP4s\/s640\/CONTRACAPAp.JPG\" alt=\"\" width=\"640\" height=\"640\" \/><\/p>\n<div>Estamos de volta com a segunda parte da\u00a0\u00a0retrospectiva que o Grand Record Brazil dedica ao inesquec\u00edvel Francisco Alves, o Rei da Voz (1898-1952). Desta feita, mais treze grava\u00e7\u00f5es preciosas e imprescind\u00edveis para colecionadores, pesquisadores e apreciadores em geral.<\/div>\n<div>Abrindo nosso roteiro, tr\u00eas sambas de S\u00edlvio Fernandes, o Brancura, hist\u00f3rico malandro carioca, de quem falamos na edi\u00e7\u00e3o anterior. O primeiro \u00e9 \u201cCora\u00e7\u00e3o vol\u00favel\u201d, lan\u00e7ado pela Odeon em junho de 1929, disco 10399-A, matriz 2532, do qual tamb\u00e9m foi escalado o lado B, matriz 2531, \u201cMulher venenosa\u201d, na faixa 3, ambas com acompanhamento da Orquestra Pan American de Simon Bountman. Antes dele vir\u00e1 \u201cVoc\u00ea chorou\u201d, subintitulado \u201cMe admiro \u00e9 voc\u00ea\u201d, primeiro verso da letra, grava\u00e7\u00e3o Victor de 8 de julho de 1935 (ano do falecimento de Brancura), lan\u00e7ado em agosto seguinte com o n\u00famero 33959-A, matriz 79968, e inclu\u00eddo na burleta teatral \u201cDa Favela ao Catete\u201d, de Freire J\u00fanior. O acompanhamento \u00e9 da Orquestra Diabos do C\u00e9u, formada e dirigida pelo mestre Pixinguinha.Voltando \u00e0 Odeon, o samba \u201cOl\u00ea-l\u00ea-\u00f4\u201d, da sant\u00edssima trindade Francisco Alves-Ismael Silva-N\u00edlton Bastos, gravado em 27 de novembro de 1930 e lan\u00e7ado em janeiro de 31 para o carnaval, disco 10745-B, matriz 4068 (o lado A \u00e9 \u201cNem \u00e9 bom falar\u201d, da nossa edi\u00e7\u00e3o anterior). Ismael e N\u00edlton faziam parte do grupo Bambas do Est\u00e1cio, que acompanha Chico Alves neste registro. Neto da lend\u00e1ria Tia Ciata,\u00a0\u00a0Bucy Moreira assina em parceria com Norival Reis, o Nazinho (ou Nozinho), o samba \u201cEm uma linda tarde\u201d, que Chico Alves gravou com os Diabos do C\u00e9u na Victor em 16 de abril de 1935, com lan\u00e7amento em julho seguinte sob n.o 33946-B, matriz 79877. Aut\u00eantica raridade vem em seguida, o samba \u201cMeu batalh\u00e3o\u201d, tamb\u00e9m da trindade Chico (acompanhado de seu \u201cEsquadr\u00e3o\u201d)-Ismael Silva-N\u00edlton Bastos, lan\u00e7ado pela Odeon em janeiro de 1931 para o carnaval com o n.o 10748-B, matriz 4091. E quem n\u00e3o conhece a marchinha junina \u201cPula a fogueira\u201d? S\u00f3 quem nunca foi numa festa junina&#8230; Da parceria Get\u00falio \u201cAmor\u201d Marinho-Jo\u00e3o Bastos Filho, foi imortalizada pelo Rei da Voz na Victor em 21 de maio de 1936, matriz 80163, com lan\u00e7amento em julho seguinte (o que tem sua l\u00f3gica, pois as festas juninas em algumas cidades costumam se estender at\u00e9 esse m\u00eas) sob n.o 34068-A. A marchinha \u201cVoc\u00ea gosta de mim\u201d, da parceria Francisco Alves-Ismael Silva, saiu pela Parlophon em dezembro de 1931, disco 13377-B, matriz 131307, visando o carnaval de 32. Outro cl\u00e1ssico \u00e9 o samba \u201cPara me livrar do mal\u201d, da parceria de Ismael Silva com Noel Rosa, imortalizado por Chico Alves na Odeon em 29 de junho de 1932, disco 10922-B, matriz 4467, e que ele tamb\u00e9m interpretou no segundo show da s\u00e9rie \u201cBroadway cocktail\u201d, um espet\u00e1culo palco-tela encenado no rec\u00e9m-inaugurado Cine Broadway, do qual tamb\u00e9m participaram C\u00e1rmen Miranda, Almirante e Noel. Destaque, na grava\u00e7\u00e3o, para o piano de Non\u00f4 (Romualdo Peixoto), tio dos cantores Cyro Monteiro e Cauby Peixoto. \u201cChoro, sim\u201d, samba de Ismael Silva sem parceiro, foi gravado por Chico na Victor com os Diabos do C\u00e9u em 21 de novembro de 1934, matriz 79784. Destinava-se ao carnaval de 1935,\u00a0\u00a0segundo consta da edi\u00e7\u00e3o, mas s\u00f3 foi para as lojas em julho desse ano, com o n\u00famero 33946-B. Dando um salto no tempo, vem em seguida outro samba, \u201cCidade de S\u00e3o Sebasti\u00e3o\u201d, de Wilson Batista e N\u00e1ssara, grava\u00e7\u00e3o Odeon de 10 de julho de 1941, lan\u00e7ada em agosto do mesmo ano com o n\u00famero 12028-A, matriz 6710, com acompanhamento da orquestra do maestro Fon-Fon (Otaviano Romero Monteiro, 1908-1951). A m\u00fasica fez parte do segundo espet\u00e1culo da s\u00e9rie \u201cJoujoux e Balangand\u00e3s\u201d, levado \u00e0 cena no Teatro Municipal do Rio, no qual a ent\u00e3o primeira-dama da Na\u00e7\u00e3o, Darcy Vargas, convocava a alta-sociedade carioca a apresentar seus dotes art\u00edsticos no palco e demonstrar generosidade na bilheteria, em prol de suas obras assistenciais. Nele, \u201cCidade de S\u00e3o Sebasti\u00e3o\u201d foi interpretado por Jenny Hime e Roberto Rocha. \u201cFica de l\u00e1\u201d \u00e9 de Ern\u00e2ni Alvarenga, \u201co samba falado da Portela\u201d, e este aqui destinou-se ao carnaval de 1939, lan\u00e7ado pela Odeon bem em cima da folia, em fevereiro, com o n\u00famero 11700-A, tendo sido gravado em 16 de dezembro de 38, matriz 5995. Por fim, uma marcha natalina do mestre Ary Barroso em parceria com nosso Chico Alves, \u201cMeu Natal\u201d, da safra do Rei da Voz na Victor, com o devido apoio instrumental dos Diabos do C\u00e9u de Pixinguinha &amp; Cia., gravada em 19 de outubro de 1934 e lan\u00e7ada, claro, em dezembro, com o n\u00famero 33857-A, matriz 79762. Ela encerra, e com chave de ouro, esta retrospectiva que o GRB dedica ao imortal Francisco de Moraes Alves, e entrega com muita alegria aos amigos cultos, ocultos e associados do GRB. At\u00e9 a pr\u00f3xima e obrigado pelo prest\u00edgio!<\/div>\n<div><\/div>\n<div><sup>Texto de\u00a0\u00a0SAMUEL MACHADO FILHO.<\/sup><\/div>\n<div><sup><br \/>\n<\/sup><\/div>\n<div><sup>.\u00a0<\/sup><\/div>\n","protected":false},"excerpt":{"rendered":"<p>Estamos de volta com a segunda parte da\u00a0\u00a0retrospectiva que o Grand Record Brazil dedica ao inesquec\u00edvel Francisco Alves, o Rei da Voz (1898-1952). Desta feita, mais treze grava\u00e7\u00f5es preciosas e imprescind\u00edveis para colecionadores, pesquisadores e apreciadores em geral. Abrindo nosso &hellip; <a href=\"https:\/\/www.toque-musicall.com\/?p=3240\">Continue lendo <span class=\"meta-nav\">&rarr;<\/span><\/a><\/p>\n","protected":false},"author":1,"featured_media":0,"comment_status":"open","ping_status":"closed","sticky":false,"template":"","format":"standard","meta":{"footnotes":""},"categories":[11,115,13],"tags":[],"class_list":["post-3240","post","type-post","status-publish","format-standard","hentry","category-exclusivos-do-toque-musical","category-francisco-alves","category-selo-grand-record-brazil"],"_links":{"self":[{"href":"https:\/\/www.toque-musicall.com\/index.php?rest_route=\/wp\/v2\/posts\/3240","targetHints":{"allow":["GET"]}}],"collection":[{"href":"https:\/\/www.toque-musicall.com\/index.php?rest_route=\/wp\/v2\/posts"}],"about":[{"href":"https:\/\/www.toque-musicall.com\/index.php?rest_route=\/wp\/v2\/types\/post"}],"author":[{"embeddable":true,"href":"https:\/\/www.toque-musicall.com\/index.php?rest_route=\/wp\/v2\/users\/1"}],"replies":[{"embeddable":true,"href":"https:\/\/www.toque-musicall.com\/index.php?rest_route=%2Fwp%2Fv2%2Fcomments&post=3240"}],"version-history":[{"count":1,"href":"https:\/\/www.toque-musicall.com\/index.php?rest_route=\/wp\/v2\/posts\/3240\/revisions"}],"predecessor-version":[{"id":3241,"href":"https:\/\/www.toque-musicall.com\/index.php?rest_route=\/wp\/v2\/posts\/3240\/revisions\/3241"}],"wp:attachment":[{"href":"https:\/\/www.toque-musicall.com\/index.php?rest_route=%2Fwp%2Fv2%2Fmedia&parent=3240"}],"wp:term":[{"taxonomy":"category","embeddable":true,"href":"https:\/\/www.toque-musicall.com\/index.php?rest_route=%2Fwp%2Fv2%2Fcategories&post=3240"},{"taxonomy":"post_tag","embeddable":true,"href":"https:\/\/www.toque-musicall.com\/index.php?rest_route=%2Fwp%2Fv2%2Ftags&post=3240"}],"curies":[{"name":"wp","href":"https:\/\/api.w.org\/{rel}","templated":true}]}}