{"id":3246,"date":"2013-07-28T12:58:30","date_gmt":"2013-07-28T15:58:30","guid":{"rendered":"http:\/\/www.toque-musicall.com\/?p=3246"},"modified":"2013-07-28T12:58:30","modified_gmt":"2013-07-28T15:58:30","slug":"galo-canto-de-amor-mais-alto-1971","status":"publish","type":"post","link":"https:\/\/www.toque-musicall.com\/?p=3246","title":{"rendered":"Galo &#8211; Canto De Amor Mais Alto (1971)"},"content":{"rendered":"<p><img loading=\"lazy\" decoding=\"async\" class=\"aligncenter\" src=\"http:\/\/2.bp.blogspot.com\/-AYLhosUslBw\/UfUnR2mog0I\/AAAAAAAAHGg\/jaHVqNKLg04\/s640\/galo+Fp.JPG\" alt=\"\" width=\"640\" height=\"637\" \/><img loading=\"lazy\" decoding=\"async\" class=\"aligncenter\" src=\"http:\/\/2.bp.blogspot.com\/-AiN4b8-MqOc\/UfUnH3d3QMI\/AAAAAAAAHGY\/u6TzX2qxYlo\/s640\/galo+B2p.JPG\" alt=\"\" width=\"640\" height=\"637\" \/><\/p>\n<p>Ol\u00e1 amigos cultos e ocultos! Finalmente estou de volta! Como todos devem saber, estive de f\u00e9rias, curtindo um pouco o litoral. Voc\u00eas sabem, mineiro de f\u00e9rias precisa, as vezes, de uma praia. Mas n\u00e3o demorou muito para eu ficar sentido saudades das minhas montanhas. Voltei, alegre e saltitante&#8230; E n\u00e3o \u00e9 para menos, afinal com tanta coisa boa acontecendo.<br \/>\nNeste m\u00eas de julho o Toque Musical est\u00e1 completando 6 anos de atividades e eu, ao contr\u00e1rio dos anos anteriores, n\u00e3o fiz muito alarde, pois percebo que para a festa, s\u00f3 mesmo os amigos mais chegados estar\u00e3o presentes. Tudo bem, melhor assim&#8230; o bolo \u00e9 pequeno, mas est\u00e1 uma del\u00edcia!<br \/>\nPara completar a festa, o meu galinho, ou melhor dizendo, o Gal\u00e3aaao, me deu a grande alegria de ser o Campe\u00e3o da Ta\u00e7a Libertadores da Am\u00e9rica. T\u00f4 rindo a toa \ud83d\ude42 Em sua homenagem, vou aqui postando este lp produzido pela Bemol em 1971, &#8220;Galo, canto de amor mais alto&#8221;. Um documento hist\u00f3rico do futebol brasileiro, com texto de um dos mais apaixonados e ilustre atleticano, o saudoso escritor Roberto Drummond. No \u00e1lbum temos tamb\u00e9m a narra\u00e7\u00e3o de alguns dos melhores momentos do Atl\u00e9tico Mineiro em campo, numa \u00e9poca em que futebol era mais que paix\u00e3o. Vale a pena ouvir esse disco, mesmo aqueles que n\u00e3o s\u00e3o torcedores do &#8216;vingador&#8217;. Parab\u00e9ns ao Clube Atl\u00e9tico Mineiro por esse t\u00e3o sonhado t\u00edtulo. Viva o Galo!<\/p>\n<p>.<\/p>\n","protected":false},"excerpt":{"rendered":"<p>Ol\u00e1 amigos cultos e ocultos! Finalmente estou de volta! Como todos devem saber, estive de f\u00e9rias, curtindo um pouco o litoral. Voc\u00eas sabem, mineiro de f\u00e9rias precisa, as vezes, de uma praia. Mas n\u00e3o demorou muito para eu ficar sentido &hellip; <a href=\"https:\/\/www.toque-musicall.com\/?p=3246\">Continue lendo <span class=\"meta-nav\">&rarr;<\/span><\/a><\/p>\n","protected":false},"author":1,"featured_media":0,"comment_status":"open","ping_status":"closed","sticky":false,"template":"","format":"standard","meta":{"footnotes":""},"categories":[1170,257],"tags":[],"class_list":["post-3246","post","type-post","status-publish","format-standard","hentry","category-galo","category-selo-bemol"],"_links":{"self":[{"href":"https:\/\/www.toque-musicall.com\/index.php?rest_route=\/wp\/v2\/posts\/3246","targetHints":{"allow":["GET"]}}],"collection":[{"href":"https:\/\/www.toque-musicall.com\/index.php?rest_route=\/wp\/v2\/posts"}],"about":[{"href":"https:\/\/www.toque-musicall.com\/index.php?rest_route=\/wp\/v2\/types\/post"}],"author":[{"embeddable":true,"href":"https:\/\/www.toque-musicall.com\/index.php?rest_route=\/wp\/v2\/users\/1"}],"replies":[{"embeddable":true,"href":"https:\/\/www.toque-musicall.com\/index.php?rest_route=%2Fwp%2Fv2%2Fcomments&post=3246"}],"version-history":[{"count":1,"href":"https:\/\/www.toque-musicall.com\/index.php?rest_route=\/wp\/v2\/posts\/3246\/revisions"}],"predecessor-version":[{"id":3247,"href":"https:\/\/www.toque-musicall.com\/index.php?rest_route=\/wp\/v2\/posts\/3246\/revisions\/3247"}],"wp:attachment":[{"href":"https:\/\/www.toque-musicall.com\/index.php?rest_route=%2Fwp%2Fv2%2Fmedia&parent=3246"}],"wp:term":[{"taxonomy":"category","embeddable":true,"href":"https:\/\/www.toque-musicall.com\/index.php?rest_route=%2Fwp%2Fv2%2Fcategories&post=3246"},{"taxonomy":"post_tag","embeddable":true,"href":"https:\/\/www.toque-musicall.com\/index.php?rest_route=%2Fwp%2Fv2%2Ftags&post=3246"}],"curies":[{"name":"wp","href":"https:\/\/api.w.org\/{rel}","templated":true}]}}