{"id":3248,"date":"2013-07-28T13:02:54","date_gmt":"2013-07-28T16:02:54","guid":{"rendered":"http:\/\/www.toque-musicall.com\/?p=3248"},"modified":"2013-07-28T13:02:54","modified_gmt":"2013-07-28T16:02:54","slug":"galo-metal-torcida-organizada-2002","status":"publish","type":"post","link":"https:\/\/www.toque-musicall.com\/?p=3248","title":{"rendered":"Galo Metal &#8211; Torcida Organizada (2002)"},"content":{"rendered":"<p><img loading=\"lazy\" decoding=\"async\" class=\"aligncenter\" src=\"http:\/\/1.bp.blogspot.com\/-5k0FJ2DV6VA\/UfU00ajqgjI\/AAAAAAAAHG4\/Nxx07H_MfOM\/s640\/CAPA+METALp.JPG\" alt=\"\" width=\"640\" height=\"640\" \/><img loading=\"lazy\" decoding=\"async\" class=\"aligncenter\" src=\"http:\/\/4.bp.blogspot.com\/-BwNy2zAIUVM\/UfU0vt-WuyI\/AAAAAAAAHGw\/IVTfFtmrD4o\/s640\/CONTRACAPA+METALp.JPG\" alt=\"\" width=\"640\" height=\"640\" \/><\/p>\n<p>Olha o Gal\u00e3aaao a\u00ed de volta! Mais um toque atleticano. Me lembrei que hoje temos um cl\u00e1ssico, Atl\u00e9tico e Cruzeiro se enfrentam mais a tarde. O time &#8216;azul babado&#8217; vem louco atr\u00e1s de uma vit\u00f3ria que sirva para levantar o \u00e2nimo de sua torcida, que tem andado t\u00e3o calada (porque ser\u00e1?). Para esquentar a disputa, segue aqui uma colet\u00e2nea heavy metal dedicada ao Galo, lan\u00e7ada em 2002, reunindo 13 bandas de rock mineiras expressando toda a paix\u00e3o\u00a0por esse super time. Eu j\u00e1 havia postado esta colet\u00e2nea em um outro momento e com a capa original dentro de um pacote em homengem ao Atl\u00e9tico. Como n\u00e3o foi um post exclusivo, fa\u00e7o-o agora e como uma capa nova (n\u00e3o sei onde foi parar o meu cd).<br \/>\nA prop\u00f3sito, j\u00e1 est\u00e3o no GTM\u00a0os<a href=\"https:\/\/www.toque-musicall.com\/?s=Galo%2C+Atl\u00e9tico+Mineiro&amp;submit=Procurar\"> links de outros discos sobre o Atl\u00e9tico<\/a>\u00a0que foram postados aqui, ok?<\/p>\n<div style=\"text-align: center;\">eminence &#8211; alma preto e branca<\/div>\n<div style=\"text-align: center;\">cocreto &#8211; fechado como galo<\/div>\n<div style=\"text-align: center;\">maria pretinha &#8211; a caminho do mineira<\/div>\n<div style=\"text-align: center;\">vienna &#8211; tradi\u00e7\u00e3o e gl\u00f3ria<\/div>\n<div style=\"text-align: center;\">perpetual dusk &#8211; symbol of glory<\/div>\n<div style=\"text-align: center;\">comboio &#8211; peso e poder<\/div>\n<div style=\"text-align: center;\">reffer &#8211; 3 pontos<\/div>\n<div style=\"text-align: center;\">vinicius gezebel &#8211; galo sinistro<\/div>\n<div style=\"text-align: center;\">caution &#8211; tributo ao rei<\/div>\n<div style=\"text-align: center;\">los w&#8217;s &#8211; galofilia<\/div>\n<div style=\"text-align: center;\">carahter chama alvinegra<\/div>\n<div style=\"text-align: center;\">my faut nervus &#8211; o galo de todos os tempos<\/div>\n<div style=\"text-align: center;\">hifen &#8211; galo metal<\/div>\n<div style=\"text-align: center;\"><\/div>\n<div style=\"text-align: center;\">.<\/div>\n<div style=\"text-align: center;\"><\/div>\n","protected":false},"excerpt":{"rendered":"<p>Olha o Gal\u00e3aaao a\u00ed de volta! Mais um toque atleticano. Me lembrei que hoje temos um cl\u00e1ssico, Atl\u00e9tico e Cruzeiro se enfrentam mais a tarde. O time &#8216;azul babado&#8217; vem louco atr\u00e1s de uma vit\u00f3ria que sirva para levantar o &hellip; <a href=\"https:\/\/www.toque-musicall.com\/?p=3248\">Continue lendo <span class=\"meta-nav\">&rarr;<\/span><\/a><\/p>\n","protected":false},"author":1,"featured_media":0,"comment_status":"open","ping_status":"closed","sticky":false,"template":"","format":"standard","meta":{"footnotes":""},"categories":[1170,1171,25],"tags":[],"class_list":["post-3248","post","type-post","status-publish","format-standard","hentry","category-galo","category-galo-metal","category-selo-independente"],"_links":{"self":[{"href":"https:\/\/www.toque-musicall.com\/index.php?rest_route=\/wp\/v2\/posts\/3248","targetHints":{"allow":["GET"]}}],"collection":[{"href":"https:\/\/www.toque-musicall.com\/index.php?rest_route=\/wp\/v2\/posts"}],"about":[{"href":"https:\/\/www.toque-musicall.com\/index.php?rest_route=\/wp\/v2\/types\/post"}],"author":[{"embeddable":true,"href":"https:\/\/www.toque-musicall.com\/index.php?rest_route=\/wp\/v2\/users\/1"}],"replies":[{"embeddable":true,"href":"https:\/\/www.toque-musicall.com\/index.php?rest_route=%2Fwp%2Fv2%2Fcomments&post=3248"}],"version-history":[{"count":1,"href":"https:\/\/www.toque-musicall.com\/index.php?rest_route=\/wp\/v2\/posts\/3248\/revisions"}],"predecessor-version":[{"id":3249,"href":"https:\/\/www.toque-musicall.com\/index.php?rest_route=\/wp\/v2\/posts\/3248\/revisions\/3249"}],"wp:attachment":[{"href":"https:\/\/www.toque-musicall.com\/index.php?rest_route=%2Fwp%2Fv2%2Fmedia&parent=3248"}],"wp:term":[{"taxonomy":"category","embeddable":true,"href":"https:\/\/www.toque-musicall.com\/index.php?rest_route=%2Fwp%2Fv2%2Fcategories&post=3248"},{"taxonomy":"post_tag","embeddable":true,"href":"https:\/\/www.toque-musicall.com\/index.php?rest_route=%2Fwp%2Fv2%2Ftags&post=3248"}],"curies":[{"name":"wp","href":"https:\/\/api.w.org\/{rel}","templated":true}]}}