{"id":3251,"date":"2013-07-29T09:26:58","date_gmt":"2013-07-29T12:26:58","guid":{"rendered":"http:\/\/www.toque-musicall.com\/?p=3251"},"modified":"2019-02-10T11:41:55","modified_gmt":"2019-02-10T13:41:55","slug":"toque-musical-6-anos","status":"publish","type":"post","link":"https:\/\/www.toque-musicall.com\/?p=3251","title":{"rendered":"Toque Musical &#8211; 6 Anos!"},"content":{"rendered":"<p><img loading=\"lazy\" decoding=\"async\" class=\"aligncenter\" src=\"http:\/\/2.bp.blogspot.com\/-TmpBLofD3Fs\/UfZecgKInoI\/AAAAAAAAHHc\/OhfwnYs2we8\/s640\/felizaniversario1.jpg\" alt=\"\" width=\"589\" height=\"366\"><\/p>\n<div>Bom dia, amigos cultos e ocultos! Hoje, dia 29 de julho, o blog Toque Musical est\u00e1 completando 6 anos de atividades. Ao longo desse tempo muita \u00e1gua boa rolou. A fonte aqui \u00e9 natural e da melhor qualidade e talvez por isso mesmo \u00e9 que sa\u00edmos do &#8216;badalado&#8217; para o &#8216;cultuado&#8217;, para poucos. Tivemos aqui v\u00e1rias mudan\u00e7as, inclusive de endere\u00e7o por conta de algumas persegui\u00e7\u00f5es. Quando se chega ao topo ficamos tamb\u00e9m sujeitos a muita exposi\u00e7\u00e3o. Percebo tamb\u00e9m que o Toque Musical fez escola, muitos outros blogs surgiram buscando um mesmo formato, usando uma mesma forma de apresenta\u00e7\u00e3o e publicando inclusive muito do que j\u00e1 postei aqui. Acho isso muito legal, pois vejo o quanto o TM foi influente.<\/div>\n<div>Mas, se \u00e9 bom por um lado, por outro nem sempre. Muitas vezes o TM se tornou alvo do despeito, da falta de compreens\u00e3o e de algumas baixarias. Tivemos momentos que eu realmente fiquei desanimado, mas n\u00e3o vacilei, mantive o blog e as postagens di\u00e1rias. Por conta dos boicotes, das den\u00fancias infundadas, das persegui\u00e7\u00f5es num geral, criei outras vers\u00f5es do blog e as mantive abertas ao p\u00fablico. Hoje temos tr\u00eas vers\u00f5es do Toque Musical, as quais os amigos podem recorrer: &#8220;<a href=\"http:\/\/toque-musica.blogspot.com.br\/\">Toque Musical Refinado<\/a>&#8220;, onde s\u00e3o postadas as produ\u00e7\u00f5es exclusivas do TM; o &#8220;<a href=\"http:\/\/toque-music-all.blogspot.com.br\/?view=flipcard\">Toque Musical Galeria<\/a>&#8220;, que \u00e9 a vers\u00e3o blogspot da matriz atual, o &#8220;<a href=\"https:\/\/www.toque-musicall.com\/\">TM site<\/a>&#8220;.<\/div>\n<div>Tem muita gente que acha complicado o funcionamento do Toque Musical, mais ainda depois que criei o GTM (Grupo do Toque Musical). Sinceramente, eu n\u00e3o queria complicar, mas diante \u00e0 persegui\u00e7\u00e3o aos meus links, me vi obrigado a criar esse grupo que tem a fun\u00e7\u00e3o \u00fanica de preserva-los. Limitei o meu p\u00fablico, mas mantive a minha rotina. Por conta tamb\u00e9m de den\u00fancias, praticamente quase todos os meus arquivos foram perdidos. At\u00e9 hoje ainda estou fazendo a reposi\u00e7\u00e3o. Os pedidos n\u00e3o param de chegar e como sou sozinho nessa empreitada, tudo acaba sendo muito devagar. N\u00e3o tenho como atender a todos de imediato. Al\u00e9m do mais, tem as postagens di\u00e1rias, essas s\u00e3o priorit\u00e1rias!<\/div>\n<div>Infelizmente a maioria dos visitantes no blog n\u00e3o tomam o trabalho de ler as postagens e muito menos as orienta\u00e7\u00f5es para se ingressarem no GTM. Da\u00ed, me trazem mais trabalho tendo que explicar repetidas vezes a mesma coisa. De uns tempos pra c\u00e1 passei a n\u00e3o mais responder perguntas cujas respostas s\u00e3o \u00f3bvias e se encontram expl\u00edcitas no TM.<\/div>\n<div>Continuo a peleja, mas sempre preservando o essencial prazer de fazer o blog como eu gosto e posso. N\u00e3o mais estou interessado em atingir um grande p\u00fablico e nem pe\u00e7o mais um &#8216;feedback&#8217; em coment\u00e1rios.<\/div>\n<div>O Toque Musical \u00e9 apenas um local onde se escuta m\u00fasica com outros olhos. Infelizmente, poucos s\u00e3o aqueles que conseguem ouvir isso. Mas t\u00e1 valendo&#8230;<\/div>\n<div><\/div>\n<div>.<\/div>\n","protected":false},"excerpt":{"rendered":"<p>Bom dia, amigos cultos e ocultos! Hoje, dia 29 de julho, o blog Toque Musical est\u00e1 completando 6 anos de atividades. Ao longo desse tempo muita \u00e1gua boa rolou. A fonte aqui \u00e9 natural e da melhor qualidade e talvez &hellip; <a href=\"https:\/\/www.toque-musicall.com\/?p=3251\">Continue lendo <span class=\"meta-nav\">&rarr;<\/span><\/a><\/p>\n","protected":false},"author":1,"featured_media":0,"comment_status":"open","ping_status":"closed","sticky":false,"template":"","format":"standard","meta":{"footnotes":""},"categories":[1,3046],"tags":[],"class_list":["post-3251","post","type-post","status-publish","format-standard","hentry","category-sem-categoria","category-toque-musical-6-anos"],"_links":{"self":[{"href":"https:\/\/www.toque-musicall.com\/index.php?rest_route=\/wp\/v2\/posts\/3251","targetHints":{"allow":["GET"]}}],"collection":[{"href":"https:\/\/www.toque-musicall.com\/index.php?rest_route=\/wp\/v2\/posts"}],"about":[{"href":"https:\/\/www.toque-musicall.com\/index.php?rest_route=\/wp\/v2\/types\/post"}],"author":[{"embeddable":true,"href":"https:\/\/www.toque-musicall.com\/index.php?rest_route=\/wp\/v2\/users\/1"}],"replies":[{"embeddable":true,"href":"https:\/\/www.toque-musicall.com\/index.php?rest_route=%2Fwp%2Fv2%2Fcomments&post=3251"}],"version-history":[{"count":2,"href":"https:\/\/www.toque-musicall.com\/index.php?rest_route=\/wp\/v2\/posts\/3251\/revisions"}],"predecessor-version":[{"id":6656,"href":"https:\/\/www.toque-musicall.com\/index.php?rest_route=\/wp\/v2\/posts\/3251\/revisions\/6656"}],"wp:attachment":[{"href":"https:\/\/www.toque-musicall.com\/index.php?rest_route=%2Fwp%2Fv2%2Fmedia&parent=3251"}],"wp:term":[{"taxonomy":"category","embeddable":true,"href":"https:\/\/www.toque-musicall.com\/index.php?rest_route=%2Fwp%2Fv2%2Fcategories&post=3251"},{"taxonomy":"post_tag","embeddable":true,"href":"https:\/\/www.toque-musicall.com\/index.php?rest_route=%2Fwp%2Fv2%2Ftags&post=3251"}],"curies":[{"name":"wp","href":"https:\/\/api.w.org\/{rel}","templated":true}]}}