{"id":3253,"date":"2013-07-29T22:17:59","date_gmt":"2013-07-30T01:17:59","guid":{"rendered":"http:\/\/www.toque-musicall.com\/?p=3253"},"modified":"2013-08-14T21:22:18","modified_gmt":"2013-08-15T00:22:18","slug":"rio-carnaval-1565-1965-rio-de-janeiro-a-janeiro-carnaval-de-400-janeiros-1965","status":"publish","type":"post","link":"https:\/\/www.toque-musicall.com\/?p=3253","title":{"rendered":"Rio Carnaval 1565-1965 &#8211; Rio De Janeiro A Janeiro &#8211; Carnaval De 400 Janeiros (1965)"},"content":{"rendered":"<p><img loading=\"lazy\" decoding=\"async\" class=\"aligncenter\" src=\"http:\/\/4.bp.blogspot.com\/-ApeHbKEgCk8\/UfcdPpZlrWI\/AAAAAAAAHH8\/azLcwlrYNss\/s640\/folder.jpg\" alt=\"\" width=\"640\" height=\"639\" \/><img loading=\"lazy\" decoding=\"async\" class=\"aligncenter\" src=\"http:\/\/1.bp.blogspot.com\/-3rx1cmc84UU\/UfcdkXtWiQI\/AAAAAAAAHIE\/keWDAaGVvZg\/s640\/bookp.JPG\" alt=\"\" width=\"620\" height=\"640\" \/><img loading=\"lazy\" decoding=\"async\" class=\"aligncenter\" src=\"http:\/\/1.bp.blogspot.com\/-gCyCJwQFXvU\/UfcdGepmqRI\/AAAAAAAAHH0\/RMpO0OLjkaY\/s640\/envelope+1p.JPG\" alt=\"\" width=\"640\" height=\"623\" \/><img loading=\"lazy\" decoding=\"async\" class=\"aligncenter\" src=\"http:\/\/1.bp.blogspot.com\/-OPukZ_TEhwk\/Ufcc6c35ozI\/AAAAAAAAHHs\/HBsCKg8jO10\/s640\/envelope+2p.JPG\" alt=\"\" width=\"630\" height=\"640\" \/><\/p>\n<p style=\"text-align: left;\">Muito boa noite, amigos cultos e ocultos! Para comemorar os 6 anos do Toque Musical eu estou trazendo aqui uma preciosa raridade, com certeza, nunca antes apresentado em outros blogs. Eu estava guardando esta j\u00f3ia para os dias de Carnaval, mas acabei esquecendo. Foi bom, pois sendo um \u00e1lbum t\u00e3o especial, merecia mesmo uma data tamb\u00e9m especial. At\u00e9 porque este n\u00e3o \u00e9 um trabalho que fala apenas do Carnaval, mas principalmente do Rio de Janeiro. E o que tem ele em comum como o anivers\u00e1rio do Toque Musical? Bom, este \u00e1lbum celebra o anivers\u00e1rio da cidade. Em 1965 o Rio de Janeiro completava 400 anos. Tudo a ver&#8230; e ouvir \ud83d\ude42 Como disse, disco especial para um dia especial. E aqui no Toque Musical tudo \u00e9 festa, tudo \u00e9 carnaval \ud83d\ude42<br \/>\nComo podemos ver pelas ilustra\u00e7\u00f5es, trata-se de um livro, um aut\u00eantico \u00e1lbum duplo produzido, em conjunto pela revista O Cruzeiro e a gravadora Copacabana, comemorando os quatro s\u00e9culos de Rio de Janeiro. E como Rio \u00e9 sin\u00f4nimo de Carnaval, o trabalho fonogr\u00e1fico \u00e9 todo pautado nessa rela\u00e7\u00e3o. O &#8216;livro lp&#8217; apresenta mais de 30 p\u00e1ginas ricamente ilustradas com bel\u00edssimas fotografias e textos do escritor Nelson Costa, extra\u00eddos de seu livro &#8220;O Rio Atrav\u00e9s Dos S\u00e9culos&#8221;, editado pela &#8220;O Cruzeiro&#8221; naquele mesmo ano de 65. Os lps que compoe do \u00e1lbum s\u00e3o duas j\u00f3ias. O primeiro, Rio de Janeiro a Janeiro&#8221;&#8221;, \u00e9 uma sele\u00e7\u00e3o de m\u00fasicas que enalteceram a cidade maravilhosa. Produzido pelo grande Moacyr Silva, traz a cada faixa um diferente artista, maestro e orquestra, todos evidentemente do &#8216;cast&#8217; da Copacabana. O repert\u00f3rio, n\u00e3o precisa nem dizer, \u00e9 do conhecimento de todos. Para quem ama o Rio como eu, este disco \u00e9 o que h\u00e1. O segundo lp tamb\u00e9m n\u00e3o fica atr\u00e1s (s\u00f3 na ordem de apresenta\u00e7\u00e3o). &#8220;Carnaval de 400 Janeiros&#8221; tr\u00e1s uma sele\u00e7\u00e3o em &#8216;pot pourri&#8217; de algumas das melhores m\u00fasicas de carnaval. De um lado temos os sambas e do outro as marchinhas, tudo interpretado pelo Coral e Orquestra Copacabana, sob dire\u00e7\u00e3o musical de Altamiro Carrilho. Como podemos ver e tamb\u00e9m ouvir este \u00e9 um daqueles trabalhos que merece toda a nossa aten\u00e7\u00e3o. J\u00e1 imaginaram se n\u00e3o fossem os blogs, assim como o Toque Musical, o que seria desta e de tantas outras j\u00f3ias, esquecidas em algum canto, mofando, se perdendo&#8230;? Ainda bem que a gente est\u00e1 por aqui \ud83d\ude09<\/p>\n<div style=\"text-align: center;\">Disco 1<\/div>\n<div style=\"text-align: center;\">cidade maravilhosa &#8211; coral e orquestra copacabana<\/div>\n<div style=\"text-align: center;\">quatrocentas velinhas &#8211; jorge goulart<\/div>\n<div style=\"text-align: center;\">valsa de uma cidade &#8211; roberto silva<\/div>\n<div style=\"text-align: center;\">rio &#8211; jorge henrique<\/div>\n<div style=\"text-align: center;\">cidade brinquedo &#8211; os rouxin\u00f3is<\/div>\n<div style=\"text-align: center;\">fantasia carioca &#8211; jairo aguiar<\/div>\n<div style=\"text-align: center;\">o rio \u00e9 mais rio &#8211; gilberto alves<\/div>\n<div style=\"text-align: center;\">samba do avi\u00e3o &#8211; francineth<\/div>\n<div style=\"text-align: center;\">eterna capital &#8211; roberto audi<\/div>\n<div style=\"text-align: center;\">rio dos vice-reis &#8211; gilberto alves<\/div>\n<div style=\"text-align: center;\">hip-hurra quatrocent\u00e3o &#8211; jorge goulart<\/div>\n<div style=\"text-align: center;\">rio, praia e sol &#8211; jorge eduardo<\/div>\n<div style=\"text-align: center;\">guanabara quatrocent\u00e3o &#8211; jairo aguiar<\/div>\n<div style=\"text-align: center;\">rio &#8211; coral e orquestra copacabana<\/div>\n<div style=\"text-align: center;\">baia da guanabara &#8211; rinaldo calheiros<\/div>\n<div style=\"text-align: center;\">rio &#8211; abilio martins<\/div>\n<div style=\"text-align: center;\">rio de janeiro a janeiro &#8211; fernando barreto<\/div>\n<div style=\"text-align: center;\">primavera no rio &#8211; altamiro carrilho<\/div>\n<div style=\"text-align: center;\"><\/div>\n<div style=\"text-align: center;\">Disco 2<\/div>\n<div style=\"text-align: center;\">pra\u00e7a onze<\/div>\n<div style=\"text-align: center;\">madureira chorou<\/div>\n<div style=\"text-align: center;\">vai que depois eu vou<\/div>\n<div style=\"text-align: center;\">pra seu governo<\/div>\n<div style=\"text-align: center;\">cai, cai&#8230;<\/div>\n<div style=\"text-align: center;\">n\u00eaga do cabelo duro<\/div>\n<div style=\"text-align: center;\">recordar<\/div>\n<div style=\"text-align: center;\">\u00e9 bom parar<\/div>\n<div style=\"text-align: center;\">implorar<\/div>\n<div style=\"text-align: center;\">n\u00e3o tenho l\u00e1grimas<\/div>\n<div style=\"text-align: center;\">despedida da mangueira<\/div>\n<div style=\"text-align: center;\">meu consolo \u00e9 voc\u00ea<\/div>\n<div style=\"text-align: center;\">que rei sou eu<\/div>\n<div style=\"text-align: center;\">at\u00e9 amanh\u00e3<\/div>\n<div style=\"text-align: center;\">agora \u00e9 cinza<\/div>\n<div style=\"text-align: center;\">o orvalho vem caindo<\/div>\n<div style=\"text-align: center;\">n\u00e3o me diga adeus<\/div>\n<div style=\"text-align: center;\">n\u00eaga maluca<\/div>\n<div style=\"text-align: center;\">de lanterna na m\u00e3o<\/div>\n<div style=\"text-align: center;\">o teu cabelo n\u00e3o nega<\/div>\n<div style=\"text-align: center;\">marchinha do grande galo<\/div>\n<div style=\"text-align: center;\">maria candel\u00e1ria<\/div>\n<div style=\"text-align: center;\">aurora<\/div>\n<div style=\"text-align: center;\">n\u00f3s os carecas<\/div>\n<div style=\"text-align: center;\">quem sabe, sabe<\/div>\n<div style=\"text-align: center;\">touradas em madrid<\/div>\n<div style=\"text-align: center;\">se a lua contasse<\/div>\n<div style=\"text-align: center;\">eu brinco<\/div>\n<div style=\"text-align: center;\">lig lig l\u00ea<\/div>\n<div style=\"text-align: center;\">mam\u00e3e eu quero<\/div>\n<div style=\"text-align: center;\">allah l\u00e1 \u00f4<\/div>\n<div style=\"text-align: center;\">confete<\/div>\n<div style=\"text-align: center;\">sassaricando<\/div>\n<div style=\"text-align: center;\">cacha\u00e7a<\/div>\n<div style=\"text-align: center;\">a jardineira<\/div>\n<div style=\"text-align: center;\">me d\u00e1 um dinheiro a\u00ed<\/div>\n<div style=\"text-align: center;\">cabeleira do zez\u00e9<\/div>\n<div style=\"text-align: center;\">pastorinhas<\/div>\n<div style=\"text-align: center;\"><\/div>\n<div style=\"text-align: center;\">.<\/div>\n","protected":false},"excerpt":{"rendered":"<p>Muito boa noite, amigos cultos e ocultos! Para comemorar os 6 anos do Toque Musical eu estou trazendo aqui uma preciosa raridade, com certeza, nunca antes apresentado em outros blogs. Eu estava guardando esta j\u00f3ia para os dias de Carnaval, &hellip; <a href=\"https:\/\/www.toque-musicall.com\/?p=3253\">Continue lendo <span class=\"meta-nav\">&rarr;<\/span><\/a><\/p>\n","protected":false},"author":1,"featured_media":0,"comment_status":"open","ping_status":"closed","sticky":false,"template":"","format":"standard","meta":{"footnotes":""},"categories":[1795,267,84,885,1695,2192,265,262,152],"tags":[],"class_list":["post-3253","post","type-post","status-publish","format-standard","hentry","category-francineth","category-gilberto-alves","category-jorge-goulart","category-jorge-henrique-hugo-lander-e-alan-gordon","category-os-rouxinois","category-rinaldo-calheiros","category-roberto-audi","category-roberto-silva","category-selo-copacabana"],"_links":{"self":[{"href":"https:\/\/www.toque-musicall.com\/index.php?rest_route=\/wp\/v2\/posts\/3253","targetHints":{"allow":["GET"]}}],"collection":[{"href":"https:\/\/www.toque-musicall.com\/index.php?rest_route=\/wp\/v2\/posts"}],"about":[{"href":"https:\/\/www.toque-musicall.com\/index.php?rest_route=\/wp\/v2\/types\/post"}],"author":[{"embeddable":true,"href":"https:\/\/www.toque-musicall.com\/index.php?rest_route=\/wp\/v2\/users\/1"}],"replies":[{"embeddable":true,"href":"https:\/\/www.toque-musicall.com\/index.php?rest_route=%2Fwp%2Fv2%2Fcomments&post=3253"}],"version-history":[{"count":2,"href":"https:\/\/www.toque-musicall.com\/index.php?rest_route=\/wp\/v2\/posts\/3253\/revisions"}],"predecessor-version":[{"id":3305,"href":"https:\/\/www.toque-musicall.com\/index.php?rest_route=\/wp\/v2\/posts\/3253\/revisions\/3305"}],"wp:attachment":[{"href":"https:\/\/www.toque-musicall.com\/index.php?rest_route=%2Fwp%2Fv2%2Fmedia&parent=3253"}],"wp:term":[{"taxonomy":"category","embeddable":true,"href":"https:\/\/www.toque-musicall.com\/index.php?rest_route=%2Fwp%2Fv2%2Fcategories&post=3253"},{"taxonomy":"post_tag","embeddable":true,"href":"https:\/\/www.toque-musicall.com\/index.php?rest_route=%2Fwp%2Fv2%2Ftags&post=3253"}],"curies":[{"name":"wp","href":"https:\/\/api.w.org\/{rel}","templated":true}]}}