{"id":326,"date":"2011-09-09T17:40:00","date_gmt":"2011-09-09T17:40:00","guid":{"rendered":"http:\/\/www.toque-musicall.com\/?p=326"},"modified":"2011-09-09T17:40:00","modified_gmt":"2011-09-09T17:40:00","slug":"dani-turcheto-sobremesa-2009","status":"publish","type":"post","link":"https:\/\/www.toque-musicall.com\/?p=326","title":{"rendered":"Dani Turcheto &#8211; Sobremesa (2009)"},"content":{"rendered":"<div style=\"clear: both; text-align: center;\"><a href=\"http:\/\/3.bp.blogspot.com\/-8AI7Ze2ndno\/Tmnzr_YV2wI\/AAAAAAAAISQ\/xCEB_4TkaS0\/s1600\/folder.jpg\" style=\"margin-left: 1em; margin-right: 1em;\"><img loading=\"lazy\" decoding=\"async\" border=\"0\" height=\"366\" src=\"http:\/\/3.bp.blogspot.com\/-8AI7Ze2ndno\/Tmnzr_YV2wI\/AAAAAAAAISQ\/xCEB_4TkaS0\/s400\/folder.jpg\" width=\"400\" \/><\/a><\/div>\n<p>Bom dia, amigos cultos e ocultos! Acho que eu vou ser obrigado a colocar um &#8216;banner&#8217;, bem vis\u00edvel, na frente do cabe\u00e7alho do blog para que os distra\u00eddos e afobados se toquem: REPOST tem que mandar e-mail para mim. N\u00e3o adianta deixar pedidos ou endere\u00e7o de e-mail no Coment\u00e1rios. Eu n\u00e3o envio e-mails, apenas os respondo \ud83d\ude42 E por favor, n\u00e3o se aborre\u00e7am pela demora na resposta. Como voc\u00eas j\u00e1 devem saber, muitas de nossas postagens foram movidas para o rascunho, &#8216;detonadas&#8217; por aqueles que de alguma se sentem incomodados. Mas vamos em frente, vamos de samba nesta sexta independente.<br \/>Eu hoje vou trazer para voc\u00eas o disco de um compositor paulista que fiquei conhecendo h\u00e1 pouco mais de uma semana. Seu nome \u00e9 <a href=\"http:\/\/www.daniturcheto.com\/\">Dani Turcheto<\/a>. Ele me enviou um e-mail apresentando o seu trabalho, que confesso, me deixou bastante impressionado. Inicialmente, antes de ouv\u00ed-lo, fiquei pensando na figura que se dizia um sambista. Fiquei me perguntando, oqu\u00ea que vem por a\u00ed? Me aparece um branquelo, de olho azul e paulista. Ser\u00e1 que sa\u00ed samba da\u00ed? N\u00e3o posso negar, foi minha primeira impress\u00e3o. Mas foi s\u00f3 eu ouvir o som do cara para entender que est\u00e1vamos falando de M\u00fasica Popular Brasileira, m\u00fasica de qualidade pautada no samba. Num instante, qualquer sutil semelhan\u00e7a com o pagode se desfez. Eu estava descobrindo ali um verdadeiro talento da nova safra de artistas da m\u00fasica brasileira.<br \/>Dani Turcheto, no meu entender, \u00e9 bem mais que um sambista. O cara \u00e9 compositor e produtor, empenhado numa outra ideia de divulga\u00e7\u00e3o e difus\u00e3o da m\u00fasica feita no S\u00e9culo 21. Ele n\u00e3o cobra pela sua arte, ele espera sim que as pessoas, o p\u00fablico pague aquilo que acha que vale. No lan\u00e7amento de &#8220;Sobremesa&#8221;, seu primeiro trabalho, lan\u00e7ado em 2009 no Teatro da Vila, em Sampa, o p\u00fablico pagou o quanto achou que valia, tanto pelo show como pelo disco. Por certo, monetariamente, o p\u00fablico deixa sempre a desejar, mas tenho certeza que foram todos un\u00e2nimes em confirmar o talento do jovem compositor.<br \/>Neste primeiro disco ele contou com a for\u00e7a de uma turminha boa: Edu Salmaso (Clube do Balan\u00e7o) na bateria,  Bruninho Marques (Sambasonics) na percuss\u00e3o, os parceiros de Funk Como  Le Gusta Juliano Becarin (teclado) e Edy Trombone, al\u00e9m de Z\u00e9 Nigro  (Otto) no baixo, que foi respons\u00e1vel pela produ\u00e7\u00e3o do \u00e1lbum. Podem cair de cara na &#8220;Sobremesa&#8221; que \u00e9 da melhor qualidade. Pessoalmente, adorei os arranjos e a sonoridade que ati\u00e7a a saudade de uma \u00e9poca em que se fazia &#8220;M\u00fasica Popular Brasileira&#8221; do jeito que eu gosto. Salve os anos 70!<br \/>Em breve eu vou trazer para voc\u00eas &#8220;Madeira Torta&#8221;, segundo lan\u00e7amento do Dani Turcheto. Estou s\u00f3 esperando ele me enviar o vinil. Sim, o cara est\u00e1 lan\u00e7ando este \u00e1lbum em vers\u00e3o vinil. T\u00e1 pra mim! J\u00e1 ouvi a vers\u00e3o em cd, mas a estr\u00e9ia vai ser mesmo quando a bolacha cair aqui no meu prato \ud83d\ude09<\/p>\n<div style=\"text-align: center;\"><\/div>\n<div style=\"text-align: center;\">sobremesa<br \/>quero mar<br \/>olho pro c\u00e9u<br \/>luz acesa<br \/>vigia a porta<br \/>teu altar<br \/>o tempo nos ajuda a jardinar<br \/>encosta<br \/>roda<br \/>espana<\/div>\n","protected":false},"excerpt":{"rendered":"<p>Bom dia, amigos cultos e ocultos! Acho que eu vou ser obrigado a colocar um &#8216;banner&#8217;, bem vis\u00edvel, na frente do cabe\u00e7alho do blog para que os distra\u00eddos e afobados se toquem: REPOST tem que mandar e-mail para mim. N\u00e3o &hellip; <a href=\"https:\/\/www.toque-musicall.com\/?p=326\">Continue lendo <span class=\"meta-nav\">&rarr;<\/span><\/a><\/p>\n","protected":false},"author":1,"featured_media":0,"comment_status":"open","ping_status":"closed","sticky":false,"template":"","format":"standard","meta":{"footnotes":""},"categories":[454,25],"tags":[],"class_list":["post-326","post","type-post","status-publish","format-standard","hentry","category-dani-turcheto","category-selo-independente"],"_links":{"self":[{"href":"https:\/\/www.toque-musicall.com\/index.php?rest_route=\/wp\/v2\/posts\/326","targetHints":{"allow":["GET"]}}],"collection":[{"href":"https:\/\/www.toque-musicall.com\/index.php?rest_route=\/wp\/v2\/posts"}],"about":[{"href":"https:\/\/www.toque-musicall.com\/index.php?rest_route=\/wp\/v2\/types\/post"}],"author":[{"embeddable":true,"href":"https:\/\/www.toque-musicall.com\/index.php?rest_route=\/wp\/v2\/users\/1"}],"replies":[{"embeddable":true,"href":"https:\/\/www.toque-musicall.com\/index.php?rest_route=%2Fwp%2Fv2%2Fcomments&post=326"}],"version-history":[{"count":0,"href":"https:\/\/www.toque-musicall.com\/index.php?rest_route=\/wp\/v2\/posts\/326\/revisions"}],"wp:attachment":[{"href":"https:\/\/www.toque-musicall.com\/index.php?rest_route=%2Fwp%2Fv2%2Fmedia&parent=326"}],"wp:term":[{"taxonomy":"category","embeddable":true,"href":"https:\/\/www.toque-musicall.com\/index.php?rest_route=%2Fwp%2Fv2%2Fcategories&post=326"},{"taxonomy":"post_tag","embeddable":true,"href":"https:\/\/www.toque-musicall.com\/index.php?rest_route=%2Fwp%2Fv2%2Ftags&post=326"}],"curies":[{"name":"wp","href":"https:\/\/api.w.org\/{rel}","templated":true}]}}