{"id":3262,"date":"2013-08-01T21:09:38","date_gmt":"2013-08-02T00:09:38","guid":{"rendered":"http:\/\/www.toque-musicall.com\/?p=3262"},"modified":"2013-08-02T20:12:25","modified_gmt":"2013-08-02T23:12:25","slug":"o-jardim-das-borboletas-trilha-do-musical-infantil-1972","status":"publish","type":"post","link":"https:\/\/www.toque-musicall.com\/?p=3262","title":{"rendered":"O Jardim Das Borboletas &#8211; Trilha Do Musical Infantil (1972)"},"content":{"rendered":"<p><img loading=\"lazy\" decoding=\"async\" class=\"aligncenter\" src=\"http:\/\/4.bp.blogspot.com\/-GgK4itPJX2U\/Ufr3DZFxnCI\/AAAAAAAAHJk\/YZEZk1RuLU8\/s640\/capap.JPG\" alt=\"\" width=\"626\" height=\"640\" \/><img loading=\"lazy\" decoding=\"async\" class=\"aligncenter\" src=\"http:\/\/3.bp.blogspot.com\/-bOEzOo5DeUw\/Ufr2-2VwdqI\/AAAAAAAAHJc\/MOj8k2-EBtg\/s640\/contrap.JPG\" alt=\"\" width=\"639\" height=\"640\" \/><\/p>\n<div>Boa noite amigos cultos e ocultos! Entre as centenas de discos que um dia fizeram parte da discoteca da R\u00e1dio Inconfid\u00eancia de Belo horizonte, tenho aqui mais um prontamente resgatado e digitalizado, recuperado para aqueles que tem interesse em conhecer um pouco a diversidade fonomusical produzida no Brasil, no tempo do vinil. Me referi \u00e0 R\u00e1dio Inconfid\u00eancia (A Brasileir\u00edssima) por conta de uma curiosidade relativa ao seu velho acervo de discos. Como praticamente todas as outras r\u00e1dios pelo Brasil, a Inconfind\u00eancia tamb\u00e9m se `modernizou`, abandonou seu acervo musical em lps em troca do pr\u00e1tico processo digital. Primeiro os cds, depois o mp3. Ao pensarmos nessa transposi\u00e7\u00e3o a gente pode at\u00e9 imaginar que antes de transformarem os discos em sucata (estorvo e lixo), fizeram um minucioso trabalho de digitaliza\u00e7\u00e3o e cataloga\u00e7\u00e3o. Que devem ter tudo l\u00e1 bem guardado&#8230; Ha, ha, ha&#8230; qual nada! N\u00e3o sobrou nada, nem hist\u00f3ria para contar. Fico pensando em outras r\u00e1dios ainda mais antigas, tipo a Nacional. O que foi feito de seu acervo? Alguma coisa a gente ainda v\u00ea ou escuta por a\u00ed, nos blogs, no YouTube e em outras pra\u00e7as onde os mais espertos sabem tirar algum lucro nisso. A coisa est\u00e1 assim&#8230;\u00a0O mais curioso \u00e9 que hoje s\u00e3o as r\u00e1dios quem recorrem aos blogs em busca de material raro. Somos n\u00f3s os fornecedores de suas mem\u00f3rias.\u00a0Eis aqui um disco cuja a trilha eu ouvi muitas vezes tocando no r\u00e1dio, por certo a Inconfid\u00eancia. Agora o disco est\u00e1 aqui na ponta da agulha se eternizando no formato digital, pronto para ser apresentado a voc\u00eas e quem sabe resgatado pelo Tuti Maravilha, ou algum outro apresentador de r\u00e1dio.<\/div>\n<div>O lp &#8220;O Jardim das Borboletas&#8221; \u00e9 uma trilha de um musical infantil escrito por Andr\u00e9 Jos\u00e9 Adler. Nele temos uma s\u00e9rie de m\u00fasicas muito boas feitas especialmente para o espet\u00e1culo, com compositores de peso como Taiguara, Z\u00e9 Rodrix, Eduardo Souto Neto, Paulo Imperial e Jorge Omar. Este disco j\u00e1 foi apresentado em outros blogs, mas aqui, quando a coisa \u00e9 boa, a gente sempre busca refor\u00e7ar \ud83d\ude42 Vamos ouvir?<\/div>\n<div><\/div>\n<div><\/div>\n<div>\n<div style=\"text-align: center;\">jardim das borboletas<\/div>\n<\/div>\n<div style=\"text-align: center;\">\n<div>marron carmim<\/div>\n<\/div>\n<div style=\"text-align: center;\">\n<div>1, 2, 3, 4<\/div>\n<\/div>\n<div style=\"text-align: center;\">\n<div>rock do grilo<\/div>\n<\/div>\n<div style=\"text-align: center;\">\n<div>viva a vida girassol<\/div>\n<\/div>\n<div style=\"text-align: center;\">\n<div>anoitecer<\/div>\n<\/div>\n<div style=\"text-align: center;\">\n<div>duse borb\u00f4<\/div>\n<\/div>\n<div style=\"text-align: center;\">\n<div>a dan\u00e7a das borboletas<\/div>\n<\/div>\n<div style=\"text-align: center;\">\n<div>tema de amor do girassil<\/div>\n<\/div>\n<div style=\"text-align: center;\">\n<div>o nosso jardim<\/div>\n<\/div>\n<div style=\"text-align: center;\">\n<div>a vida a\u00ed forapode n\u00e3o ser bem assim, mas tente lembrar do nosso jardim<\/div>\n<\/div>\n<div style=\"text-align: center;\"><\/div>\n<div>\n<div style=\"text-align: center;\">.<\/div>\n<\/div>\n","protected":false},"excerpt":{"rendered":"<p>Boa noite amigos cultos e ocultos! Entre as centenas de discos que um dia fizeram parte da discoteca da R\u00e1dio Inconfid\u00eancia de Belo horizonte, tenho aqui mais um prontamente resgatado e digitalizado, recuperado para aqueles que tem interesse em conhecer &hellip; <a href=\"https:\/\/www.toque-musicall.com\/?p=3262\">Continue lendo <span class=\"meta-nav\">&rarr;<\/span><\/a><\/p>\n","protected":false},"author":1,"featured_media":0,"comment_status":"open","ping_status":"closed","sticky":false,"template":"","format":"standard","meta":{"footnotes":""},"categories":[277,346],"tags":[],"class_list":["post-3262","post","type-post","status-publish","format-standard","hentry","category-selo-rca-camden","category-trilhas"],"_links":{"self":[{"href":"https:\/\/www.toque-musicall.com\/index.php?rest_route=\/wp\/v2\/posts\/3262","targetHints":{"allow":["GET"]}}],"collection":[{"href":"https:\/\/www.toque-musicall.com\/index.php?rest_route=\/wp\/v2\/posts"}],"about":[{"href":"https:\/\/www.toque-musicall.com\/index.php?rest_route=\/wp\/v2\/types\/post"}],"author":[{"embeddable":true,"href":"https:\/\/www.toque-musicall.com\/index.php?rest_route=\/wp\/v2\/users\/1"}],"replies":[{"embeddable":true,"href":"https:\/\/www.toque-musicall.com\/index.php?rest_route=%2Fwp%2Fv2%2Fcomments&post=3262"}],"version-history":[{"count":4,"href":"https:\/\/www.toque-musicall.com\/index.php?rest_route=\/wp\/v2\/posts\/3262\/revisions"}],"predecessor-version":[{"id":3269,"href":"https:\/\/www.toque-musicall.com\/index.php?rest_route=\/wp\/v2\/posts\/3262\/revisions\/3269"}],"wp:attachment":[{"href":"https:\/\/www.toque-musicall.com\/index.php?rest_route=%2Fwp%2Fv2%2Fmedia&parent=3262"}],"wp:term":[{"taxonomy":"category","embeddable":true,"href":"https:\/\/www.toque-musicall.com\/index.php?rest_route=%2Fwp%2Fv2%2Fcategories&post=3262"},{"taxonomy":"post_tag","embeddable":true,"href":"https:\/\/www.toque-musicall.com\/index.php?rest_route=%2Fwp%2Fv2%2Ftags&post=3262"}],"curies":[{"name":"wp","href":"https:\/\/api.w.org\/{rel}","templated":true}]}}