{"id":327,"date":"2011-09-09T10:57:00","date_gmt":"2011-09-09T10:57:00","guid":{"rendered":"http:\/\/www.toque-musicall.com\/?p=327"},"modified":"2011-09-09T10:57:00","modified_gmt":"2011-09-09T10:57:00","slug":"aracy-de-almeida-ao-vivo-e-a-vontade-1988-repost","status":"publish","type":"post","link":"https:\/\/www.toque-musicall.com\/?p=327","title":{"rendered":"Aracy De Almeida &#8211; Ao Vivo E A Vontade (1988) REPOST"},"content":{"rendered":"<p><a href=\"http:\/\/2.bp.blogspot.com\/_DSKVEvHtskc\/Sh5iiibvJzI\/AAAAAAAAD4g\/-osrwFZR19A\/s1600-h\/aracy+P.JPG\"><img decoding=\"async\" alt=\"\" border=\"0\" id=\"BLOGGER_PHOTO_ID_5340814553606203186\" src=\"http:\/\/2.bp.blogspot.com\/_DSKVEvHtskc\/Sh5iiibvJzI\/AAAAAAAAD4g\/-osrwFZR19A\/s400\/aracy+P.JPG\" style=\"cursor: hand; cursor: pointer; display: block; height: 400px; margin: 0px auto 10px; text-align: center; width: 399px;\" \/><\/a><a href=\"http:\/\/www.mediafire.com\/?dxk9l59dvdn9idi\">B<\/a>om dia! Repetindo: Aqui vamos n\u00f3s na sequ\u00eancia e na cad\u00eancia do samba. E pelo jeito, acho que irei estender nossa semana tem\u00e1tica. Acho que todos est\u00e3o gostando, inclusive os amigos ocultos \ud83d\ude42<\/p>\n<div>Para hoje eu trago este disco providencial, que ainda n\u00e3o vi na prateleiras dos melhores blogs do ramo. Temos aqui a lend\u00e1ria Aracy de Almeida, grande porta-voz da poesia de Noel Rosa, num show singular que aconteceu em S\u00e3o Paulo, na Lira Paulistana em 1980. Este espet\u00e1culo foi produzido por Z\u00e9 Rodrix e Tico Terpins (Joelho de Porco). Ficou engavetado at\u00e9 o ano de falecimento da cantora. Em outras palavras, foi um lan\u00e7amento p\u00f3stumo, no sentido de homenagear uma das maiores cantoras do Brasil. Esquecida pelas novas gera\u00e7\u00f5es, que dela s\u00f3 lembravam como a &#8216;jurada encrenquinha&#8217; do programa do S\u00edlvio Santos. Embora o repert\u00f3rio seja exclusivamente de Noel, musicalmente este show foi quase punk, como comenta o pr\u00f3prio Tico Terpins num momento da grava\u00e7\u00e3o. Vale mais com uma recorda\u00e7\u00e3o da cantora. Na contracapa do disco temos um texto do Z\u00e9 Rodrix onde ele conta como surgiu a ideia do show e da grava\u00e7\u00e3o. Muitas das minhas d\u00favidas com rela\u00e7\u00e3o \u00e0 Aracy, neste texto e tamb\u00e9m no registro gravado foram esclarecidas. A Araca, com aquele seu jeit\u00e3o, nunca me enganou \ud83d\ude09 Ta\u00ed, confiram mais essa&#8230;<\/div>\n<div><\/div>\n<div style=\"text-align: center;\">feitio de ora\u00e7\u00e3o<\/div>\n<div style=\"text-align: center;\">tr\u00eas apitos<\/div>\n<div style=\"text-align: center;\">com que roupa<\/div>\n<div style=\"text-align: center;\">o orvalho vem caindo<\/div>\n<div style=\"text-align: center;\">entrevista<\/div>\n<div style=\"text-align: center;\">as pastorinhas<\/div>\n<div style=\"text-align: center;\">\u00faltimo desejo<\/div>\n<div style=\"text-align: center;\">palpite infeliz<\/div>\n<div style=\"text-align: center;\">pela d\u00e9cima vez<\/div>\n<div style=\"text-align: center;\">n\u00e3o tem tradu\u00e7\u00e3o<\/div>\n<div style=\"text-align: center;\">conversa de botequim<\/div>\n<div style=\"text-align: center;\">at\u00e9 amanh\u00e3<\/div>\n<div style=\"text-align: center;\"><\/div>\n<div style=\"text-align: center;\"><\/div>\n","protected":false},"excerpt":{"rendered":"<p>Bom dia! Repetindo: Aqui vamos n\u00f3s na sequ\u00eancia e na cad\u00eancia do samba. E pelo jeito, acho que irei estender nossa semana tem\u00e1tica. Acho que todos est\u00e3o gostando, inclusive os amigos ocultos \ud83d\ude42 Para hoje eu trago este disco providencial, &hellip; <a href=\"https:\/\/www.toque-musicall.com\/?p=327\">Continue lendo <span class=\"meta-nav\">&rarr;<\/span><\/a><\/p>\n","protected":false},"author":1,"featured_media":0,"comment_status":"open","ping_status":"closed","sticky":false,"template":"","format":"standard","meta":{"footnotes":""},"categories":[534,40],"tags":[],"class_list":["post-327","post","type-post","status-publish","format-standard","hentry","category-aracy-de-almeida","category-selo-continental"],"_links":{"self":[{"href":"https:\/\/www.toque-musicall.com\/index.php?rest_route=\/wp\/v2\/posts\/327","targetHints":{"allow":["GET"]}}],"collection":[{"href":"https:\/\/www.toque-musicall.com\/index.php?rest_route=\/wp\/v2\/posts"}],"about":[{"href":"https:\/\/www.toque-musicall.com\/index.php?rest_route=\/wp\/v2\/types\/post"}],"author":[{"embeddable":true,"href":"https:\/\/www.toque-musicall.com\/index.php?rest_route=\/wp\/v2\/users\/1"}],"replies":[{"embeddable":true,"href":"https:\/\/www.toque-musicall.com\/index.php?rest_route=%2Fwp%2Fv2%2Fcomments&post=327"}],"version-history":[{"count":0,"href":"https:\/\/www.toque-musicall.com\/index.php?rest_route=\/wp\/v2\/posts\/327\/revisions"}],"wp:attachment":[{"href":"https:\/\/www.toque-musicall.com\/index.php?rest_route=%2Fwp%2Fv2%2Fmedia&parent=327"}],"wp:term":[{"taxonomy":"category","embeddable":true,"href":"https:\/\/www.toque-musicall.com\/index.php?rest_route=%2Fwp%2Fv2%2Fcategories&post=327"},{"taxonomy":"post_tag","embeddable":true,"href":"https:\/\/www.toque-musicall.com\/index.php?rest_route=%2Fwp%2Fv2%2Ftags&post=327"}],"curies":[{"name":"wp","href":"https:\/\/api.w.org\/{rel}","templated":true}]}}