{"id":3280,"date":"2013-08-07T23:00:48","date_gmt":"2013-08-08T02:00:48","guid":{"rendered":"http:\/\/www.toque-musicall.com\/?p=3280"},"modified":"2013-08-08T00:01:34","modified_gmt":"2013-08-08T03:01:34","slug":"radames-gnattali-retratos-1990","status":"publish","type":"post","link":"https:\/\/www.toque-musicall.com\/?p=3280","title":{"rendered":"Radam\u00e9s Gnattali &#8211; Retratos (1990)"},"content":{"rendered":"<p><img loading=\"lazy\" decoding=\"async\" class=\"aligncenter\" src=\"http:\/\/1.bp.blogspot.com\/-Hfyjy6NGuYw\/UgL_sYwmvqI\/AAAAAAAAHMg\/7vE7NL9ix94\/s640\/_DSC0038_12583P.JPG\" alt=\"\" width=\"640\" height=\"627\" \/><img loading=\"lazy\" decoding=\"async\" class=\"aligncenter\" src=\"http:\/\/1.bp.blogspot.com\/-vW8JD_G3JTc\/UgL_wo4uA8I\/AAAAAAAAHMk\/6ezlXNrzzSs\/s640\/contracapap.JPG\" alt=\"\" width=\"636\" height=\"640\" \/><\/p>\n<p>Boa noite, amigos cultos e ocultos! Cheguei cansado, esgotado e sem o menor pique para sentar em frente ao computador. Por\u00e9m, me lembrei que ainda n\u00e3o fiz a postagem do dia. O jeito foi recorrer aos &#8216;discos de gaveta&#8217;. O sorteado da noite foi o Radam\u00e9s Gnattali e quem ganhou fomos todos n\u00f3s. Afinal quem \u00e9 que n\u00e3o aprecia o Radam\u00e9s? Vejo, contudo, que o presente \u00e1lbum parece j\u00e1 ter sido postado. Pera\u00ed&#8230;<br \/>\nRealmente, eu postei aqui h\u00e1 pouco tempo atr\u00e1s um \u00e1lbum promocional da Atlantic, &#8220;Radam\u00e9s e a M\u00fasica Popular&#8221;. Olhando assim por alto, parece ser o mesmo. Inclusive interpretado pelos mesmos mestres, Rafael Rabelo, Chiquinho do Acordeon, Dinho Sete Cordas e Orquestra de Cordas Brasileira. Mas apenas &#8220;Concerto para Acordeon, Tumbadoras e Cordas&#8221; \u00e9 parte tamb\u00e9m do outro disco. O lado A temos a &#8220;Suite Retratos&#8221;, uma composi\u00e7\u00e3o que Radam\u00e9s fez em 1956 para Jacob do Bandolim. Uma composi\u00e7\u00e3o multifacetada onde o compositor passeia por Pixinguinha, Ernesto Nazareth, Anacleto de Medeiros e Chiquinha Gonzaga. Creio que este disco seja uma outra parte do que j\u00e1 vimos anteriormente. Confiram a\u00ed, porque eu daqui vou \u00e9 tomar um banho e dormir. T\u00e9 manh\u00e3!<\/p>\n<div style=\"text-align: center;\">suite retratos (1956)<\/div>\n<div style=\"text-align: center;\">amargura (1945)<\/div>\n<div style=\"text-align: center;\">concerto par acordeon, tumbadoras e cordas<\/div>\n<div style=\"text-align: center;\"><\/div>\n<div style=\"text-align: center;\">.<\/div>\n","protected":false},"excerpt":{"rendered":"<p>Boa noite, amigos cultos e ocultos! Cheguei cansado, esgotado e sem o menor pique para sentar em frente ao computador. Por\u00e9m, me lembrei que ainda n\u00e3o fiz a postagem do dia. O jeito foi recorrer aos &#8216;discos de gaveta&#8217;. O &hellip; <a href=\"https:\/\/www.toque-musicall.com\/?p=3280\">Continue lendo <span class=\"meta-nav\">&rarr;<\/span><\/a><\/p>\n","protected":false},"author":1,"featured_media":0,"comment_status":"open","ping_status":"closed","sticky":false,"template":"","format":"standard","meta":{"footnotes":""},"categories":[1229,1109,396,988],"tags":[],"class_list":["post-3280","post","type-post","status-publish","format-standard","hentry","category-chiquinho-do-acordeon","category-chiquinho-e-seu-conjunto","category-radames-gnattali","category-rafael-rabello"],"_links":{"self":[{"href":"https:\/\/www.toque-musicall.com\/index.php?rest_route=\/wp\/v2\/posts\/3280","targetHints":{"allow":["GET"]}}],"collection":[{"href":"https:\/\/www.toque-musicall.com\/index.php?rest_route=\/wp\/v2\/posts"}],"about":[{"href":"https:\/\/www.toque-musicall.com\/index.php?rest_route=\/wp\/v2\/types\/post"}],"author":[{"embeddable":true,"href":"https:\/\/www.toque-musicall.com\/index.php?rest_route=\/wp\/v2\/users\/1"}],"replies":[{"embeddable":true,"href":"https:\/\/www.toque-musicall.com\/index.php?rest_route=%2Fwp%2Fv2%2Fcomments&post=3280"}],"version-history":[{"count":2,"href":"https:\/\/www.toque-musicall.com\/index.php?rest_route=\/wp\/v2\/posts\/3280\/revisions"}],"predecessor-version":[{"id":3282,"href":"https:\/\/www.toque-musicall.com\/index.php?rest_route=\/wp\/v2\/posts\/3280\/revisions\/3282"}],"wp:attachment":[{"href":"https:\/\/www.toque-musicall.com\/index.php?rest_route=%2Fwp%2Fv2%2Fmedia&parent=3280"}],"wp:term":[{"taxonomy":"category","embeddable":true,"href":"https:\/\/www.toque-musicall.com\/index.php?rest_route=%2Fwp%2Fv2%2Fcategories&post=3280"},{"taxonomy":"post_tag","embeddable":true,"href":"https:\/\/www.toque-musicall.com\/index.php?rest_route=%2Fwp%2Fv2%2Ftags&post=3280"}],"curies":[{"name":"wp","href":"https:\/\/api.w.org\/{rel}","templated":true}]}}