{"id":3292,"date":"2013-08-10T23:01:16","date_gmt":"2013-08-11T02:01:16","guid":{"rendered":"http:\/\/www.toque-musicall.com\/?p=3292"},"modified":"2013-08-11T01:03:28","modified_gmt":"2013-08-11T04:03:28","slug":"guerino-tyrone-e-sua-orquestra-tyrone-apresenta-sua-sensacional-orquestra-em-hi-fi-196","status":"publish","type":"post","link":"https:\/\/www.toque-musicall.com\/?p=3292","title":{"rendered":"Guerino Tyrone E Sua Orquestra &#8211; Tyrone Apresenta Sua Sensacional Orquestra Em Hi-Fi (196?)"},"content":{"rendered":"<p><img loading=\"lazy\" decoding=\"async\" class=\"aligncenter\" src=\"http:\/\/2.bp.blogspot.com\/-MiX8RXeynlE\/UgcA9ZC4W2I\/AAAAAAAAHNs\/CeET3GdEpkY\/s640\/capap.JPG\" alt=\"\" width=\"636\" height=\"640\" \/><img loading=\"lazy\" decoding=\"async\" class=\"aligncenter\" src=\"http:\/\/4.bp.blogspot.com\/-lEvJia5OQGo\/UgcA46XoSEI\/AAAAAAAAHNk\/E0U05RfgSt0\/s640\/contrap.JPG\" alt=\"\" width=\"629\" height=\"640\" \/><\/p>\n<p>Ol\u00e1, prezados amigos cultos e ocultos! Me fazendo o dono do tempo, vou agora, num \u00faltimo instante apresentar o toque musical do dia. Olha s\u00f3, j\u00e1 que estamos numa onda de orquestras, instrumentistas, discos raros e porque n\u00e3o dizer, &#8216;ocultos&#8217;, aqui vai mais um &#8216;miss\u00e3o imposs\u00edvel&#8217;: Tyrone e Sua Orquestra. Algu\u00e9m a\u00ed conhece? Tenho certeza que poucos ou nenhum ir\u00e1 se manifestar. Esse aqui \u00e9 o &#8216;cabra&#8217;! Informa\u00e7\u00e3o sobre este artista, s\u00f3 mesmo na contracapa de seu excelente lp. Guerino Tyrone, seguindo o texto da contracapa, foi um saxofonista (multinsturmentista) paulista que atuou em cassinos pelo Brasil e Am\u00e9rica do Sul na d\u00e9cada de 40. Formou tamb\u00e9m a sua orquestra com a qual ele nos brinda com este trabalho. Segundo ainda informa\u00e7\u00f5es interessantes da contracapa, o &#8216;bandleader&#8217; procura prestar uma homenagem aos autores do Sociedeade Independente de Compositores e Autores Musicais&#8221;&#8221;- SICAM. Todas as m\u00fasicas que compoe o repert\u00f3rio do \u00e1lbum s\u00e3o de autores desta entidade. E s\u00e3o m\u00fasicas muito boas. Disco bacana, vale uma conferida \ud83d\ude42<\/p>\n<div style=\"text-align: center;\">adeus cantereira<\/div>\n<div style=\"text-align: center;\">o mais lindo amor<\/div>\n<div style=\"text-align: center;\">professora<\/div>\n<div style=\"text-align: center;\">quando amanhece<\/div>\n<div style=\"text-align: center;\">sam-bar<\/div>\n<div style=\"text-align: center;\">sonho que sonei<\/div>\n<div style=\"text-align: center;\">lavadeira<\/div>\n<div style=\"text-align: center;\">muler<\/div>\n<div style=\"text-align: center;\">o passado n\u00e0o importa<\/div>\n<div style=\"text-align: center;\">irene<\/div>\n<div style=\"text-align: center;\">um amor assim assim<\/div>\n<div style=\"text-align: center;\">hist\u00f3rias iguais<\/div>\n<div style=\"text-align: center;\"><\/div>\n<div style=\"text-align: center;\">.<\/div>\n","protected":false},"excerpt":{"rendered":"<p>Ol\u00e1, prezados amigos cultos e ocultos! Me fazendo o dono do tempo, vou agora, num \u00faltimo instante apresentar o toque musical do dia. Olha s\u00f3, j\u00e1 que estamos numa onda de orquestras, instrumentistas, discos raros e porque n\u00e3o dizer, &#8216;ocultos&#8217;, &hellip; <a href=\"https:\/\/www.toque-musicall.com\/?p=3292\">Continue lendo <span class=\"meta-nav\">&rarr;<\/span><\/a><\/p>\n","protected":false},"author":1,"featured_media":0,"comment_status":"open","ping_status":"closed","sticky":false,"template":"","format":"standard","meta":{"footnotes":""},"categories":[1],"tags":[],"class_list":["post-3292","post","type-post","status-publish","format-standard","hentry","category-sem-categoria"],"_links":{"self":[{"href":"https:\/\/www.toque-musicall.com\/index.php?rest_route=\/wp\/v2\/posts\/3292","targetHints":{"allow":["GET"]}}],"collection":[{"href":"https:\/\/www.toque-musicall.com\/index.php?rest_route=\/wp\/v2\/posts"}],"about":[{"href":"https:\/\/www.toque-musicall.com\/index.php?rest_route=\/wp\/v2\/types\/post"}],"author":[{"embeddable":true,"href":"https:\/\/www.toque-musicall.com\/index.php?rest_route=\/wp\/v2\/users\/1"}],"replies":[{"embeddable":true,"href":"https:\/\/www.toque-musicall.com\/index.php?rest_route=%2Fwp%2Fv2%2Fcomments&post=3292"}],"version-history":[{"count":3,"href":"https:\/\/www.toque-musicall.com\/index.php?rest_route=\/wp\/v2\/posts\/3292\/revisions"}],"predecessor-version":[{"id":3294,"href":"https:\/\/www.toque-musicall.com\/index.php?rest_route=\/wp\/v2\/posts\/3292\/revisions\/3294"}],"wp:attachment":[{"href":"https:\/\/www.toque-musicall.com\/index.php?rest_route=%2Fwp%2Fv2%2Fmedia&parent=3292"}],"wp:term":[{"taxonomy":"category","embeddable":true,"href":"https:\/\/www.toque-musicall.com\/index.php?rest_route=%2Fwp%2Fv2%2Fcategories&post=3292"},{"taxonomy":"post_tag","embeddable":true,"href":"https:\/\/www.toque-musicall.com\/index.php?rest_route=%2Fwp%2Fv2%2Ftags&post=3292"}],"curies":[{"name":"wp","href":"https:\/\/api.w.org\/{rel}","templated":true}]}}