{"id":33,"date":"2012-06-12T12:51:00","date_gmt":"2012-06-12T12:51:00","guid":{"rendered":"http:\/\/www.toque-musicall.com\/?p=33"},"modified":"2012-06-12T12:51:00","modified_gmt":"2012-06-12T12:51:00","slug":"objeto-amarelo-deus-da-pedrada-2003","status":"publish","type":"post","link":"https:\/\/www.toque-musicall.com\/?p=33","title":{"rendered":"Objeto Amarelo &#8211; Deus Da Pedrada (2003)"},"content":{"rendered":"<div style=\"clear: both; text-align: center;\"><a href=\"http:\/\/2.bp.blogspot.com\/-fpOFZqt1ACs\/T9cjD7ijteI\/AAAAAAAACyU\/4zICSlAa_c8\/s1600\/folder.jpg\" style=\"margin-left: 1em; margin-right: 1em;\"><img loading=\"lazy\" decoding=\"async\" border=\"0\" height=\"378\" src=\"http:\/\/2.bp.blogspot.com\/-fpOFZqt1ACs\/T9cjD7ijteI\/AAAAAAAACyU\/4zICSlAa_c8\/s400\/folder.jpg\" width=\"400\" \/><\/a><\/div>\n<div style=\"clear: both; text-align: center;\"><a href=\"http:\/\/4.bp.blogspot.com\/-aG-mOZJtlmQ\/T9ci85w2f6I\/AAAAAAAACyM\/CGBFFcq4-xg\/s1600\/objeto+intP.JPG\" style=\"margin-left: 1em; margin-right: 1em;\"><img loading=\"lazy\" decoding=\"async\" border=\"0\" height=\"392\" src=\"http:\/\/4.bp.blogspot.com\/-aG-mOZJtlmQ\/T9ci85w2f6I\/AAAAAAAACyM\/CGBFFcq4-xg\/s400\/objeto+intP.JPG\" width=\"400\" \/><\/a><\/div>\n<div style=\"clear: both; text-align: center;\"><a href=\"http:\/\/1.bp.blogspot.com\/-V2Y9VNa_9XY\/T9ci0y0d8NI\/AAAAAAAACyE\/7YfH2n60_OQ\/s1600\/objeto+Bp.JPG\" style=\"margin-left: 1em; margin-right: 1em;\"><img loading=\"lazy\" decoding=\"async\" border=\"0\" height=\"375\" src=\"http:\/\/1.bp.blogspot.com\/-V2Y9VNa_9XY\/T9ci0y0d8NI\/AAAAAAAACyE\/7YfH2n60_OQ\/s400\/objeto+Bp.JPG\" width=\"400\" \/><\/a><\/div>\n<p>Muito bom dia, amigos cultos, ocultos e associados! Depois de haver postado &#8220;O \u00c1pice&#8221; do\u00a0Vzyadoq Moe, n\u00e3o resisti a tenta\u00e7\u00e3o de fazer desta uma semana diferente, trazendo para o Toque Musical um pouco mais do experimentalismo, alternativo e porque n\u00e3o dizer, conceitual (humm&#8230;)<br \/>Vamos hoje conhecer, ou dar mais vaz\u00e3o, a um projeto criado no final dos anos 90 pelo m\u00fasico e artista visual paulistano, Carlos Issa &#8211; o &#8220;Objeto Amarelo&#8221;. H\u00e1 tempos atr\u00e1s, quando este cd caiu nas minha m\u00e3os eu n\u00e3o dei muita bola, achando-o uma coisa meio tosca, artesanal e de um conte\u00fado at\u00e9 ent\u00e3o duvidoso, visto que naquela \u00e9poca eu n\u00e3o encontrei nenhuma informa\u00e7\u00e3o sobre quem era e o que era exatamente o Objeto Amarelo. Foi preciso que o seu autor se manifestasse atrav\u00e9s da cria\u00e7\u00e3o de um site e seu trabalho ganhasse um maior espa\u00e7o na m\u00eddia e consequentemente territorial, atingido um p\u00fablico al\u00e9m da capital paulista. Hoje a coisa est\u00e1 um pouco mais clara e eu j\u00e1 consigo ouvir esse trabalho com outros olhos. &#8220;Deus da Pedrada&#8221; \u00e9 um h\u00edbrido conceitual. Como m\u00fasica nos traz em seu experimentalismo um misto de pop, punk, rock, industrial, eletr\u00f4nico e sei l\u00e1 mais o qu\u00ea&#8230; Literalmente, um objeto sonoro e porque n\u00e3o dizer, um objeto de arte. A primeira s\u00e9rie deste trabalho, lan\u00e7ada em 2003, era realmente um objeto de arte, com direito a numera\u00e7\u00e3o (o meu \u00e9 o 087!). Cd artesanal, tosco (sem d\u00favidas), gravado e produzido em casa pelo pr\u00f3prio artista, por\u00e9m com um conceito que envolve n\u00e3o apenas a m\u00fasica, mas tamb\u00e9m o seu suporte, o cd com sua \u00a0forma bem peculiar de apresenta\u00e7\u00e3o. Realmente um objeto (amarelo) de arte, que alguns anos depois viria a ser relan\u00e7ado pela Tratore Records. Obviamente, j\u00e1 nesta segunda leva, o trabalho adquiri uma identidade mais comercial, de disco simplesmente.<br \/>&#8220;Deus da pedrada&#8221; n\u00e3o foi a primeira e nem seria a \u00faltima empreitada art\u00edstica sonoroa de Carlos Issa. Antes deste cd o projeto &#8220;Objeto Amarelo&#8221; j\u00e1 existia atrav\u00e9s de outros dois lan\u00e7amentos anteriores e seguiu posteriormente com outros lan\u00e7amentos, sendo o \u00faltimo um cd gravado em 2009. No disco virtual desta postagem eu inclu\u00ed tamb\u00e9m uma m\u00fasica b\u00f4nus e tr\u00eas clips, afinal aqui no TM tem que ter um algo mais, n\u00e3o \u00e9 mesmo?<br \/>Melhor do que eu ficar aqui tentando explicar o trabalho do cara \u00e9 dar a dica da fonte, ou seja, para saber melhor sobre o Carlos Issa e seu Objeto Amarelo, visite <a href=\"http:\/\/objetoamarelo.org\/\" target=\"_blank\">o site<\/a>.<\/p>\n<div style=\"text-align: center;\">tonta maria morta<\/div>\n<div style=\"text-align: center;\">deus da pedrada<\/div>\n<div style=\"text-align: center;\">disco<\/div>\n<div style=\"text-align: center;\">eu governo o ar<\/div>\n<div style=\"text-align: center;\">tundra<\/div>\n<div style=\"text-align: center;\">astronomy domine cavalo<\/div>\n<div style=\"text-align: center;\">pogo em poa<\/div>\n<div style=\"text-align: center;\">a draga que vem<\/div>\n<div style=\"text-align: center;\">coisa zen (bonus)<\/div>\n<p><\/p>\n","protected":false},"excerpt":{"rendered":"<p>Muito bom dia, amigos cultos, ocultos e associados! Depois de haver postado &#8220;O \u00c1pice&#8221; do\u00a0Vzyadoq Moe, n\u00e3o resisti a tenta\u00e7\u00e3o de fazer desta uma semana diferente, trazendo para o Toque Musical um pouco mais do experimentalismo, alternativo e porque n\u00e3o &hellip; <a href=\"https:\/\/www.toque-musicall.com\/?p=33\">Continue lendo <span class=\"meta-nav\">&rarr;<\/span><\/a><\/p>\n","protected":false},"author":1,"featured_media":0,"comment_status":"open","ping_status":"closed","sticky":false,"template":"","format":"standard","meta":{"footnotes":""},"categories":[28,25],"tags":[],"class_list":["post-33","post","type-post","status-publish","format-standard","hentry","category-objeto-amarelo","category-selo-independente"],"_links":{"self":[{"href":"https:\/\/www.toque-musicall.com\/index.php?rest_route=\/wp\/v2\/posts\/33","targetHints":{"allow":["GET"]}}],"collection":[{"href":"https:\/\/www.toque-musicall.com\/index.php?rest_route=\/wp\/v2\/posts"}],"about":[{"href":"https:\/\/www.toque-musicall.com\/index.php?rest_route=\/wp\/v2\/types\/post"}],"author":[{"embeddable":true,"href":"https:\/\/www.toque-musicall.com\/index.php?rest_route=\/wp\/v2\/users\/1"}],"replies":[{"embeddable":true,"href":"https:\/\/www.toque-musicall.com\/index.php?rest_route=%2Fwp%2Fv2%2Fcomments&post=33"}],"version-history":[{"count":0,"href":"https:\/\/www.toque-musicall.com\/index.php?rest_route=\/wp\/v2\/posts\/33\/revisions"}],"wp:attachment":[{"href":"https:\/\/www.toque-musicall.com\/index.php?rest_route=%2Fwp%2Fv2%2Fmedia&parent=33"}],"wp:term":[{"taxonomy":"category","embeddable":true,"href":"https:\/\/www.toque-musicall.com\/index.php?rest_route=%2Fwp%2Fv2%2Fcategories&post=33"},{"taxonomy":"post_tag","embeddable":true,"href":"https:\/\/www.toque-musicall.com\/index.php?rest_route=%2Fwp%2Fv2%2Ftags&post=33"}],"curies":[{"name":"wp","href":"https:\/\/api.w.org\/{rel}","templated":true}]}}