{"id":330,"date":"2011-09-07T20:46:00","date_gmt":"2011-09-07T20:46:00","guid":{"rendered":"http:\/\/www.toque-musicall.com\/?p=330"},"modified":"2011-09-07T20:46:00","modified_gmt":"2011-09-07T20:46:00","slug":"miltinho-compacto-1972","status":"publish","type":"post","link":"https:\/\/www.toque-musicall.com\/?p=330","title":{"rendered":"Miltinho &#8211; Compacto (1972)"},"content":{"rendered":"<div style=\"clear: both; text-align: center;\"><a href=\"http:\/\/3.bp.blogspot.com\/-5BrmsBPPP38\/TmfVg3KCTDI\/AAAAAAAAISI\/NAJ_Y-RpzzE\/s1600\/folder2.JPG\" style=\"margin-left: 1em; margin-right: 1em;\"><img loading=\"lazy\" decoding=\"async\" border=\"0\" height=\"385\" src=\"http:\/\/3.bp.blogspot.com\/-5BrmsBPPP38\/TmfVg3KCTDI\/AAAAAAAAISI\/NAJ_Y-RpzzE\/s400\/folder2.JPG\" width=\"400\" \/><\/a><\/div>\n<div style=\"clear: both; text-align: center;\"><a href=\"http:\/\/2.bp.blogspot.com\/-lXxFKioTOHM\/TmfVb7ZmxcI\/AAAAAAAAISE\/sOW4nleo3iQ\/s1600\/folder.jpg\" style=\"margin-left: 1em; margin-right: 1em;\"><img loading=\"lazy\" decoding=\"async\" border=\"0\" height=\"382\" src=\"http:\/\/2.bp.blogspot.com\/-lXxFKioTOHM\/TmfVb7ZmxcI\/AAAAAAAAISE\/sOW4nleo3iQ\/s400\/folder.jpg\" width=\"400\" \/><\/a><\/div>\n<p>Para n\u00e3o ficarmos apenas em um simples compacto, aqui vai mais um que tamb\u00e9m fala da Independ\u00eancia. Trago para voc\u00eas este compacto, gravado pelo Miltinho em 72. Nele encontramos a &#8220;Marcha do Sesquicenten\u00e1rio da Indep\u00eandencia, composi\u00e7\u00e3o de Miguel Gustavo que se tornou bastante conhecida. Do outro lado temos o samba, &#8220;Crioulo branco&#8221;. Eu suponho que essas duas m\u00fasicas s\u00f3 sa\u00edram mesmo no compacto. Por isso \u00e9 que a gente deve estar sempre atento aos disquinhos de 7 polegadas, as vezes o que sai neles, n\u00e3o aparece nos \u00e1lbuns.<br \/>Ainda tenho mais um compacto raro para o dia de hoje, vamos ver se rola&#8230;<\/p>\n<div style=\"text-align: center;\">crioulo branco<\/div>\n<div style=\"text-align: center;\">marcha do sesquicenten\u00e1rio da independ\u00eancia<\/div>\n","protected":false},"excerpt":{"rendered":"<p>Para n\u00e3o ficarmos apenas em um simples compacto, aqui vai mais um que tamb\u00e9m fala da Independ\u00eancia. Trago para voc\u00eas este compacto, gravado pelo Miltinho em 72. Nele encontramos a &#8220;Marcha do Sesquicenten\u00e1rio da Indep\u00eandencia, composi\u00e7\u00e3o de Miguel Gustavo que &hellip; <a href=\"https:\/\/www.toque-musicall.com\/?p=330\">Continue lendo <span class=\"meta-nav\">&rarr;<\/span><\/a><\/p>\n","protected":false},"author":1,"featured_media":0,"comment_status":"open","ping_status":"closed","sticky":false,"template":"","format":"standard","meta":{"footnotes":""},"categories":[554,86],"tags":[],"class_list":["post-330","post","type-post","status-publish","format-standard","hentry","category-miltinho","category-selo-odeon"],"_links":{"self":[{"href":"https:\/\/www.toque-musicall.com\/index.php?rest_route=\/wp\/v2\/posts\/330","targetHints":{"allow":["GET"]}}],"collection":[{"href":"https:\/\/www.toque-musicall.com\/index.php?rest_route=\/wp\/v2\/posts"}],"about":[{"href":"https:\/\/www.toque-musicall.com\/index.php?rest_route=\/wp\/v2\/types\/post"}],"author":[{"embeddable":true,"href":"https:\/\/www.toque-musicall.com\/index.php?rest_route=\/wp\/v2\/users\/1"}],"replies":[{"embeddable":true,"href":"https:\/\/www.toque-musicall.com\/index.php?rest_route=%2Fwp%2Fv2%2Fcomments&post=330"}],"version-history":[{"count":0,"href":"https:\/\/www.toque-musicall.com\/index.php?rest_route=\/wp\/v2\/posts\/330\/revisions"}],"wp:attachment":[{"href":"https:\/\/www.toque-musicall.com\/index.php?rest_route=%2Fwp%2Fv2%2Fmedia&parent=330"}],"wp:term":[{"taxonomy":"category","embeddable":true,"href":"https:\/\/www.toque-musicall.com\/index.php?rest_route=%2Fwp%2Fv2%2Fcategories&post=330"},{"taxonomy":"post_tag","embeddable":true,"href":"https:\/\/www.toque-musicall.com\/index.php?rest_route=%2Fwp%2Fv2%2Ftags&post=330"}],"curies":[{"name":"wp","href":"https:\/\/api.w.org\/{rel}","templated":true}]}}