{"id":3300,"date":"2013-08-13T22:46:13","date_gmt":"2013-08-14T01:46:13","guid":{"rendered":"http:\/\/www.toque-musicall.com\/?p=3300"},"modified":"2013-08-13T22:46:13","modified_gmt":"2013-08-14T01:46:13","slug":"al-newman-e-orquestra-meu-amor-voce-1960","status":"publish","type":"post","link":"https:\/\/www.toque-musicall.com\/?p=3300","title":{"rendered":"Al Newman E Orquestra &#8211; Meu Amor &#8230; Voc\u00ea (1960)"},"content":{"rendered":"<p><img loading=\"lazy\" decoding=\"async\" class=\"aligncenter\" src=\"http:\/\/4.bp.blogspot.com\/-la92sh86uxA\/UgrBxmzQ3YI\/AAAAAAAAHO0\/Kb12POsSWO8\/s640\/capap.JPG\" alt=\"\" width=\"637\" height=\"640\" \/><img loading=\"lazy\" decoding=\"async\" class=\"aligncenter\" src=\"http:\/\/4.bp.blogspot.com\/-Qz4k0_l1zf0\/UgrBlsWgS5I\/AAAAAAAAHOs\/SNqVcUJLCRs\/s640\/contrap.JPG\" alt=\"\" width=\"640\" height=\"623\" \/><\/p>\n<p>Boa noite a todos os amigos cultos e ocultos! Neste domingo que passou o papai aqui resolveu tirar uma folga. Eu normalmente, nessas datas costumo postar algum disco relacionado ao tema da data. Sobre o &#8216;Dia dos Pais&#8217; eu certamente devo ter algum disco, mas vai ficar para uma pr\u00f3xima&#8230;<br \/>\nOntem eu anunciei no Facebook uma nova postagem do Grand Record Brazil, dedicada \u00e0 Aracy de Almeida. Para tanto, fiz uma brincadeira, postando uma foto de um show do Prince. Das duas, uma&#8230; Ou ningu\u00e9m entendeu, ou ningu\u00e9m da minha lista de amigos est\u00e1 querendo ver as minhas publica\u00e7\u00f5es. A piada \u00e9 boa&#8230; Vi essa foto do Prince, com um novo visual afro e aquele \u00f3culos escuro, ficou a cara da Aracy de Almeida. E para refor\u00e7ar a ideia, coloquei o Silvio Santos tocando bateria. Acho que ningu\u00e9m &#8216;curtiu&#8217;, que pena&#8230;<br \/>\nMas voltando \u00e0s orquestras, temos mais uma que merece a nossa aten\u00e7\u00e3o, &#8220;Al Newman e Orquestra&#8221; Eis aqui outra inc\u00f3gnita que vale coment\u00e1rios. Ser\u00e1 que algu\u00e9m a\u00ed sabe quem foi Al Newman? Conhe\u00e7o dois discos dele, ambos pela etiqueta &#8220;Som&#8221;. Lan\u00e7ados, inclusive, numa mesma \u00e9poca e em estilosas capas forradas em tecido de saco de linhagem. Por\u00e9m, a figura do misterioso &#8216;maestro&#8217;, que nos sugere ser um artista internacional, creio que n\u00e3o existe. Ou por outra, este deve ser mais um pseud\u00f4nimo criado pela gravadora, coisa comum naqueles tempos. O certo \u00e9 que o disco \u00e9 bem interessante. Um repert\u00f3rio predominantemente de sambas, mas tem lugar para alguns boleros e fox. Pessoalmente, gosto mais do lado do, onde o samba \u00e9 quem d\u00e1 a cad\u00eancia. N\u00e3o deixem de conferir.<\/p>\n<div style=\"text-align: center;\">a volta<\/div>\n<div style=\"text-align: center;\">maldito<\/div>\n<div style=\"text-align: center;\">capricho<\/div>\n<div style=\"text-align: center;\">tender is the nigth<\/div>\n<div style=\"text-align: center;\">para que me enganar<\/div>\n<div style=\"text-align: center;\">meu amor&#8230; voc\u00ea<\/div>\n<div style=\"text-align: center;\">areia branca<\/div>\n<div style=\"text-align: center;\">samba da madrugada<\/div>\n<div style=\"text-align: center;\">piada<\/div>\n<div style=\"text-align: center;\">leil\u00e3o<\/div>\n<div style=\"text-align: center;\">cravo vermelho<\/div>\n<div style=\"text-align: center;\">\u00e9 a tua vez de sorrir<\/div>\n<div style=\"text-align: center;\">houvesse um cora\u00e7\u00e3o<\/div>\n<div style=\"text-align: center;\"><\/div>\n<div style=\"text-align: center;\">.<\/div>\n<div style=\"text-align: center;\"><\/div>\n","protected":false},"excerpt":{"rendered":"<p>Boa noite a todos os amigos cultos e ocultos! Neste domingo que passou o papai aqui resolveu tirar uma folga. Eu normalmente, nessas datas costumo postar algum disco relacionado ao tema da data. Sobre o &#8216;Dia dos Pais&#8217; eu certamente &hellip; <a href=\"https:\/\/www.toque-musicall.com\/?p=3300\">Continue lendo <span class=\"meta-nav\">&rarr;<\/span><\/a><\/p>\n","protected":false},"author":1,"featured_media":0,"comment_status":"open","ping_status":"closed","sticky":false,"template":"","format":"standard","meta":{"footnotes":""},"categories":[2210,156],"tags":[],"class_list":["post-3300","post","type-post","status-publish","format-standard","hentry","category-al-newman","category-selo-som"],"_links":{"self":[{"href":"https:\/\/www.toque-musicall.com\/index.php?rest_route=\/wp\/v2\/posts\/3300","targetHints":{"allow":["GET"]}}],"collection":[{"href":"https:\/\/www.toque-musicall.com\/index.php?rest_route=\/wp\/v2\/posts"}],"about":[{"href":"https:\/\/www.toque-musicall.com\/index.php?rest_route=\/wp\/v2\/types\/post"}],"author":[{"embeddable":true,"href":"https:\/\/www.toque-musicall.com\/index.php?rest_route=\/wp\/v2\/users\/1"}],"replies":[{"embeddable":true,"href":"https:\/\/www.toque-musicall.com\/index.php?rest_route=%2Fwp%2Fv2%2Fcomments&post=3300"}],"version-history":[{"count":1,"href":"https:\/\/www.toque-musicall.com\/index.php?rest_route=\/wp\/v2\/posts\/3300\/revisions"}],"predecessor-version":[{"id":3301,"href":"https:\/\/www.toque-musicall.com\/index.php?rest_route=\/wp\/v2\/posts\/3300\/revisions\/3301"}],"wp:attachment":[{"href":"https:\/\/www.toque-musicall.com\/index.php?rest_route=%2Fwp%2Fv2%2Fmedia&parent=3300"}],"wp:term":[{"taxonomy":"category","embeddable":true,"href":"https:\/\/www.toque-musicall.com\/index.php?rest_route=%2Fwp%2Fv2%2Fcategories&post=3300"},{"taxonomy":"post_tag","embeddable":true,"href":"https:\/\/www.toque-musicall.com\/index.php?rest_route=%2Fwp%2Fv2%2Ftags&post=3300"}],"curies":[{"name":"wp","href":"https:\/\/api.w.org\/{rel}","templated":true}]}}