{"id":3302,"date":"2013-08-14T21:20:09","date_gmt":"2013-08-15T00:20:09","guid":{"rendered":"http:\/\/www.toque-musicall.com\/?p=3302"},"modified":"2013-08-15T18:29:12","modified_gmt":"2013-08-15T21:29:12","slug":"orquestra-cid-gray-so-samba-sabendo-sambar-1961","status":"publish","type":"post","link":"https:\/\/www.toque-musicall.com\/?p=3302","title":{"rendered":"Orquestra Cid Gray &#8211; S\u00f3 Samba Sabendo Sambar (1961)"},"content":{"rendered":"<p><img loading=\"lazy\" decoding=\"async\" class=\"aligncenter\" style=\"color: inherit; font: normal normal normal 15px\/normal 'Helvetica Neue', Helvetica, Arial, sans-serif; font-style: inherit; font-weight: inherit; line-height: 1.625; border-style: solid; border-color: #dddddd; margin-top: 0.4em; display: block; margin-left: auto; margin-right: auto; clear: both; margin-bottom: 1.625em; border-width: 1px; padding: 6px;\" src=\"http:\/\/2.bp.blogspot.com\/-NMxyxqauTJ0\/Ug1GduYvqTI\/AAAAAAAAHPg\/v2qiJdVHcUo\/s640\/capa+p.JPG\" alt=\"\" width=\"640\" height=\"634\" \/><img loading=\"lazy\" decoding=\"async\" class=\"aligncenter\" src=\"http:\/\/2.bp.blogspot.com\/-VIdCDkwvR4M\/UgwW00UItsI\/AAAAAAAAHPE\/xkWeYfSR-Pw\/s640\/contra.JPG\" alt=\"\" width=\"640\" height=\"634\" \/><\/p>\n<p>Boa noite, amigos cultos e ocultos! Na brecha do dia, ou melhor, da noite, aqui vou eu com mais um toque musical. Mais uma vez vamos de orquestra para mostrar a todos o quanto a m\u00fasica j\u00e1 foi grande. Hoje, orquestra \u00e9 coisa rara de ver em discos, sejam s\u00f3s ou acompanhando algum artista.<br \/>\nVamos hoje com a Orquestra Cid Gray, muito requisitada em bailes e clubes de dan\u00e7a naquele final dos anos 50 e in\u00edcio dos 60. O \u00e1lbum que apresento a voc\u00eas foi lan\u00e7ado pela Continental em 1961. Antes deste a orquestra j\u00e1 havia gravado outros discos. Foi, por\u00e9m, neste lp que o p\u00fablico veio a saber que Cid Gray era na verdade um nome adotado pelo maestro Renato de Oliveira, quando este abandona o trabalho em est\u00fadio, indo para S\u00e3o Paulo formar uma orquestra de dan\u00e7a e consequentemente discos de sucesso. Segundo Fernando Cesar, em seu texto na contracapa, &#8220;este n\u00e3o \u00e9 apenas mais um e sim o melhor de todos&#8221;. Realmente o \u00e1lbum traz um repert\u00f3rio muito bom, recheado de \u00f3timos sambas e uma qualidade instrumental de arrepiar. Al\u00e9m, \u00e9 claro dos &#8216;arranjos vibrantes&#8217;, tipo exporta\u00e7\u00e3o, hehehe&#8230;<\/p>\n<div style=\"text-align: center;\">palha\u00e7ada<\/div>\n<div style=\"text-align: center;\">boato<\/div>\n<div style=\"text-align: center;\">eu n\u00e3o sei me repetir<\/div>\n<div style=\"text-align: center;\">o que faltou<\/div>\n<div style=\"text-align: center;\">mum\u00fario<\/div>\n<div style=\"text-align: center;\">\u00e1gua de beber<\/div>\n<div style=\"text-align: center;\">deixe de sofrer<\/div>\n<div style=\"text-align: center;\">que fazer<\/div>\n<div style=\"text-align: center;\">louca<\/div>\n<div style=\"text-align: center;\">chorou, chorou<\/div>\n<div style=\"text-align: center;\">rosa do mato<\/div>\n<div style=\"text-align: center;\">n\u00e3o sei mais fingir<\/div>\n<div style=\"text-align: center;\"><\/div>\n<div style=\"text-align: center;\">.<\/div>\n","protected":false},"excerpt":{"rendered":"<p>Boa noite, amigos cultos e ocultos! Na brecha do dia, ou melhor, da noite, aqui vou eu com mais um toque musical. Mais uma vez vamos de orquestra para mostrar a todos o quanto a m\u00fasica j\u00e1 foi grande. Hoje, &hellip; <a href=\"https:\/\/www.toque-musicall.com\/?p=3302\">Continue lendo <span class=\"meta-nav\">&rarr;<\/span><\/a><\/p>\n","protected":false},"author":1,"featured_media":0,"comment_status":"open","ping_status":"closed","sticky":false,"template":"","format":"standard","meta":{"footnotes":""},"categories":[2211,449,516,40],"tags":[],"class_list":["post-3302","post","type-post","status-publish","format-standard","hentry","category-cid-gray","category-renato-de-oliveira","category-renato-de-oliveira-e-sua-orquestra","category-selo-continental"],"_links":{"self":[{"href":"https:\/\/www.toque-musicall.com\/index.php?rest_route=\/wp\/v2\/posts\/3302","targetHints":{"allow":["GET"]}}],"collection":[{"href":"https:\/\/www.toque-musicall.com\/index.php?rest_route=\/wp\/v2\/posts"}],"about":[{"href":"https:\/\/www.toque-musicall.com\/index.php?rest_route=\/wp\/v2\/types\/post"}],"author":[{"embeddable":true,"href":"https:\/\/www.toque-musicall.com\/index.php?rest_route=\/wp\/v2\/users\/1"}],"replies":[{"embeddable":true,"href":"https:\/\/www.toque-musicall.com\/index.php?rest_route=%2Fwp%2Fv2%2Fcomments&post=3302"}],"version-history":[{"count":3,"href":"https:\/\/www.toque-musicall.com\/index.php?rest_route=\/wp\/v2\/posts\/3302\/revisions"}],"predecessor-version":[{"id":3307,"href":"https:\/\/www.toque-musicall.com\/index.php?rest_route=\/wp\/v2\/posts\/3302\/revisions\/3307"}],"wp:attachment":[{"href":"https:\/\/www.toque-musicall.com\/index.php?rest_route=%2Fwp%2Fv2%2Fmedia&parent=3302"}],"wp:term":[{"taxonomy":"category","embeddable":true,"href":"https:\/\/www.toque-musicall.com\/index.php?rest_route=%2Fwp%2Fv2%2Fcategories&post=3302"},{"taxonomy":"post_tag","embeddable":true,"href":"https:\/\/www.toque-musicall.com\/index.php?rest_route=%2Fwp%2Fv2%2Ftags&post=3302"}],"curies":[{"name":"wp","href":"https:\/\/api.w.org\/{rel}","templated":true}]}}