{"id":3319,"date":"2013-08-19T21:20:52","date_gmt":"2013-08-20T00:20:52","guid":{"rendered":"http:\/\/www.toque-musicall.com\/?p=3319"},"modified":"2013-08-19T21:20:52","modified_gmt":"2013-08-20T00:20:52","slug":"varios-selecao-78-rpm-do-toque-musical-vol-65-2013","status":"publish","type":"post","link":"https:\/\/www.toque-musicall.com\/?p=3319","title":{"rendered":"V\u00e1rios &#8211; Sele\u00e7\u00e3o 78 RPM Do Toque Musical &#8211; Vol. 65 (2013)"},"content":{"rendered":"<p><img loading=\"lazy\" decoding=\"async\" class=\"aligncenter\" src=\"http:\/\/3.bp.blogspot.com\/-p2twCo7P45A\/UhK0D4ACaFI\/AAAAAAAAHRo\/JqIO4jIvumE\/s640\/CAPAp.JPG\" alt=\"\" width=\"640\" height=\"640\" \/><img loading=\"lazy\" decoding=\"async\" class=\"aligncenter\" src=\"http:\/\/3.bp.blogspot.com\/-apVCfqS9KZ4\/UhK0APNw04I\/AAAAAAAAHRg\/LZMXopiqszI\/s640\/CONTRACAPAp.JPG\" alt=\"\" width=\"640\" height=\"640\" \/><\/p>\n<div>E aqui vamos \u201cn\u00f3is\u201d para mais uma edi\u00e7\u00e3o caipira do Grand Record Brazil, a de n\u00famero 65, oferecendo, como j\u00e1 aconteceu anteriormente, uma parcela do rico acervo da m\u00fasica regional brasileira, a chamada m\u00fasica caipira, que, como os ouvintes ir\u00e3o perceber, \u00e9 bem diferente do sertanejo dito \u201cuniversit\u00e1rio\u201d , t\u00e3o divulgado pelos meios de comunica\u00e7\u00e3o nos dias atuais. S\u00e3o, como sempre, 13 grava\u00e7\u00f5es preciosas, representativas de um g\u00eanero e daqueles tempinhos \u201cb\u00e3os\u201d em que se ouvia m\u00fasicas como essas no radinho, tomando o caf\u00e9 da manh\u00e3&#8230;\u00a0\u00a0E come\u00e7amos justamente com os eternos \u201creis do riso\u201d, Alvarenga e Ranchinho.\u00a0\u00a0S\u00e3o duas grava\u00e7\u00f5es Odeon com a forma\u00e7\u00e3o original da dupla, Murilo Alvarenga (Ita\u00fana, MG, 1991-S\u00e3o Paulo, 1978) e o primeiro dos tr\u00eas Ranchinhos, Di\u00e9sis dos Anjos Gaia\u00a0\u00a0(Jacare\u00ed, SP, 1911-S\u00e3o Paulo, 1991). Eles aqui nos apresentam a moda de viola \u201cVoc\u00ea j\u00e1 viu o cruzeiro?\u201d, do Capit\u00e3o Furtado, seu descobridor, mais outra dupla, Palmeira e Piraci, gravada a 15 de setembro de 1943 e lan\u00e7ada em novembro do mesmo ano com o n.o 12376-B, matriz 7384. \u00c9 uma alus\u00e3o \u00e0 ent\u00e3o nova unidade monet\u00e1ria brasileira, institu\u00edda um ano antes e que, ap\u00f3s passar por mudan\u00e7as e ser substitu\u00edda at\u00e9 mesmo pelo cruzado,\u00a0deixaria de existir em 1994, com o in\u00edcio do Plano Real. Tamb\u00e9m tem a primeira grava\u00e7\u00e3o com letra do cl\u00e1ssico choro \u201cTico-tico no fub\u00e1\u201d, de Zequinha de Abreu (1880-1935), feita por Alvarenga, tendo\u00a0\u00a0como subt\u00edtulo \u201cVamos dan\u00e7ar, comadre\u201d, datada de 27 de julho de 1942 e lan\u00e7ada em\u00a0\u00a0outubro do mesmo ano com o n.o 12202-A, matriz 7021. A 10 de agosto desse mesmo ano, em seu primeiro disco, Ademilde Fonseca incluiu este choro cl\u00e1ssico em seu primeiro disco, com os versos assinados pelo dentista Eurico Barreiros, e sua grava\u00e7\u00e3o foi talvez a de maior sucesso. Focalizamos em seguida a acordeonista Carmela Bonano, mais conhecida como Zezinha, nascida\u00a0\u00a0em S\u00e3o Paulo no dia 16 de janeiro de 1928 e que formou com Luizinho e Limeira (os irm\u00e3os, tamb\u00e9m paulistanos,\u00a0\u00a0Luiz\u00a0\u00a0e\u00a0\u00a0Ivo Raimundo) um trio ainda hoje lembrado com muitas saudades por seus contempor\u00e2neos. Zezinha gravou seu primeiro disco como solista de acordeon em 1951, na Todam\u00e9rica, com duas composi\u00e7\u00f5es suas em parceria com Luizinho: a valsa\u00a0\u00a0\u201cBrejeira\u201d e a mazurca \u201cAlegria\u201d. Para este volume do GRB foram escalados o arrasta-p\u00e9 \u201cOito baixos\u201d, dela mesma e de Messias Garcia, grava\u00e7\u00e3o Odeon de 11 de mar\u00e7o de 1960 lan\u00e7ada em outubro seguinte com o n.o 14681-A, matriz 50478 (relan\u00e7ado com a marca Orion sob n.o R-079),\u00a0\u00a0e o bai\u00e3o \u201cSaudade que machuca\u201d, de Vicente Lia e do radialista Nino Silva, lan\u00e7ado pela Todam\u00e9rica em agosto de 1955 com o n.o TA-5563-B, matriz TA-1315, ambas com vocais de Luizinho e Limeira, sem cr\u00e9dito nos selos. Na faixa 6, ela, agora com Luizinho e Limeira devidamente creditados, acompanha-os no arrasta-p\u00e9 \u201cCasamento \u00e9 uma gaiola\u201d, do Compadre Generoso, gravado na Odeon em 2 de abril de 1959 e lan\u00e7ado em junho seguinte sob n.o 14463-B, matriz 50158, depois relan\u00e7ado com a marca Orion sob n.o R-058. M\u00fasica que seria regravada com sucesso\u00a0\u00a0por S\u00e9rgio Reis, anos mais tarde. Com o falecimento de Luizinho, em 1982, Zezinha abandonou de vez a carreira, por isso muitas biografias dizem ter ela falecido nesse ano, a\u00a0\u00a011 de maio, em Perdizes, S\u00e3o Paulo (outras dizem que a morte da acordeonista aconteceu em 2002, nesse mesmo dia). A maranhense (de Viana) Dilu Mello (Maria de Lourdes Argolo Oliver, 1913-2000) tamb\u00e9m deixou sua contribui\u00e7\u00e3o para a hist\u00f3ria de nossa m\u00fasica popular. Tocava diversos instrumentos: sanfona, piano, viol\u00e3o, harpa, violino e at\u00e9 serrote, causando o maior esc\u00e2ndalo ao executar nele uma pe\u00e7a de Schumann! \u00c9 co-autora e int\u00e9rprete da cl\u00e1ssica toada \u201cFiz a cama na varanda\u201d, que j\u00e1 apresentamos em edi\u00e7\u00e3o anterior do GRB, e apenas uma de suas mais de cem composi\u00e7\u00f5es.\u00a0\u00a0Para esta edi\u00e7\u00e3o, foi escalado o xote \u201cQual o valor da sanfona?\u201d, composi\u00e7\u00e3o sua em parceria com J. Portela (o jota seria de Jeov\u00e1), grava\u00e7\u00e3o Continental de 31 de julho de 1948, por\u00e9m s\u00f3 lan\u00e7ada em mar\u00e7o-abril de 49 sob n.o 16024-B, matriz 10916. A faixa 7 nos apresenta a grava\u00e7\u00e3o original de uma balada humor\u00edstica que muitos conhecem na interpreta\u00e7\u00e3o dos irm\u00e3os Sandy e J\u00fanior: \u00e9 nada mais nada menos que \u201cMaria Chiquinha\u201d, de autoria de Geysa B\u00f4scoli e Guilherme Figueiredo. Ela saiu pela RGE em agosto de 1961, sob n.o 10336-B, matriz RGO-2218, num divertido dueto entre Evaldo Gouveia (compositor, cearense de Or\u00f3s, autor de v\u00e1rios hits, sobretudo em parceria com Jair Amorim, e que integrou como cantor o Trio Nag\u00f4) e a comediante S\u00f4nia Mamede (1936-1990), \u201ca garota do biqu\u00edni vermelho\u201d. Bonita e de corpo escultural, S\u00f4nia foi estrela das chanchadas da Atl\u00e2ntida (\u201cGarotas e samba\u201d, \u201cDe vento em popa\u201d), tendo feito outros 14 filmes nesse e em outros est\u00fadios,\u00a0\u00a0e ficou famosa na televis\u00e3o como a Of\u00e9lia do programa humor\u00edstico \u201cBalan\u00e7a mas n\u00e3o cai\u201d, da Globo (seu bord\u00e3o era \u201ceu s\u00f3 abro a boca quando tenho certeza!\u201d), ao lado de L\u00facio Mauro, o Fernandinho. \u201cMaria Chiquinha\u201d foi um sucesso absoluto em 1961, e nesse ano tamb\u00e9m seria gravada por Marin\u00eas, em dueto com Luiz Cl\u00e1udio, na RCA Victor. Os trios Melodia (Albertinho Fortuna, Paulo Tapaj\u00f3s e Nuno Roland) e Madrigal (Edda Cardoso, Magda Marialba e Lolita Koch Freire) interpretam aqui, em ritmo de bai\u00e3o, \u201cMaricota, sai da chuva\u201d,\u00a0\u00a0motivo folcl\u00f3rico adaptado por Marcelo Tupinamb\u00e1, em grava\u00e7\u00e3o Continental de 19 de mar\u00e7o de 1952, lan\u00e7ada em julho desse ano com o n.o 16600-A, matriz C-2813. A primeira grava\u00e7\u00e3o, ainda na fase mec\u00e2nica, foi do Grupo O Passos no Choro, em 1919, apenas instrumental.\u00a0\u00a0Recordaremos em seguida outra dupla sertaneja famosa: Silveira (Nivaldo Pedro da Silveira, 1934-1999) e Barrinha (Ab\u00edlio Barra, 1929-1984) ambos mineiros, Silveira, de Uberaba, e\u00a0\u00a0Barrinha, de Conquista.\u00a0\u00a0Aqui eles interpretam a moda campeira \u201cCora\u00e7\u00e3o da p\u00e1tria\u201d, de Silveira, Lourival dos Santos e do tamb\u00e9m radialista Sebasti\u00e3o Victor, em grava\u00e7\u00e3o RCA Camden\u00a0\u00a0de 25 de maio de 1962, disco CAM-1133-A, matriz N3CAB-1712, uma exalta\u00e7\u00e3o ao estado de Goi\u00e1s, que j\u00e1 abrigava, desde 1960, nossa atual capital, Bras\u00edlia (lembrando que o Distrito Federal \u00e9 um munic\u00edpio n\u00eautro). Teve regrava\u00e7\u00f5es por Nalva Aguiar e at\u00e9 mesmo por Beth Guzzo, filha do humorista Valentino Guzzo (a Vov\u00f3 Mafalda do programa do Bozo, lembram-se?). Apresentamos logo depois as duas m\u00fasicas do primeiro dos tr\u00eas \u00fanicos 78 rpm da dupla Bi\u00e1 e Biazinho no selo Sertanejo da Chantecler, o PTJ-10087, gravado junto com o acordeonista Alberto Cal\u00e7ada, e lan\u00e7ado em maio de 1960, apresentando duas can\u00e7\u00f5es rancheiras ao estilo mexicano:\u00a0\u00a0\u201cNunca mais\u201d de Fernando Dias, matriz S9-173, e \u201cS\u00f3 Deus castiga\u201d, de N\u00edzio e Teddy Vieira, matriz S9-174. E reservamos para o final a joia da coroa desta edi\u00e7\u00e3o: o \u00fanico disco gravado por Tonico e Tinoco (\u201ca dupla cora\u00e7\u00e3o do Brasil\u201d) junto com Aracy de Almeida (\u201c o samba em pessoa\u201d, \u201ca dama da Central\u201d, \u201ca dama do Encantado\u201d), todos tr\u00eas j\u00e1 relembrados pelo GRB. Uma aut\u00eantica preciosidade que chega a nossos amigos cultos, ocultos e associados por generosa cortesia do amigo\u00a0\u00a0Indal\u00eancio, grande e not\u00f3rio restaurador de r\u00e1dios antigos.\u00a0\u00a0\u00c9 o Continental\u00a0\u00a017251, gravado em 28 de julho de 1955, mas s\u00f3 lan\u00e7ado em fevereiro-mar\u00e7o de 56, com dois cateret\u00eas. Abrindo-o, matriz 11764, \u201cIngratid\u00e3o\u201d, de autoria de M\u00e1rio Vieira, parceiro de Herv\u00ea Cordovil no cl\u00e1ssico \u201cSabi\u00e1 na gaiola\u201d e mais tarde fundador e propriet\u00e1rio da gravadora e editora musical Calif\u00f3rnia, que existe at\u00e9 hoje, no bairro paulistano do Tatuap\u00e9, dirigida pela terceira gera\u00e7\u00e3o da fam\u00edlia. M\u00e1rio assina tamb\u00e9m o lado B, matriz 11765, \u201cT\u00f4 chegando agora\u201d, desta vez em parceria com Juracy Rago, primo do violonista Ant\u00f4nio Rago. Uma preciosidade que o Indal\u00eancio mui gentilmente nos cedeu e que encerra com chave de ouro esta edi\u00e7\u00e3o regional do GRB., para alegria e deleite dos \u201ccumpades\u201d e cumades\u201d de todas as idades e deste Brasilz\u00e3o!<\/div>\n<p>*Texto de Samuel Machado Filho<\/p>\n","protected":false},"excerpt":{"rendered":"<p>E aqui vamos \u201cn\u00f3is\u201d para mais uma edi\u00e7\u00e3o caipira do Grand Record Brazil, a de n\u00famero 65, oferecendo, como j\u00e1 aconteceu anteriormente, uma parcela do rico acervo da m\u00fasica regional brasileira, a chamada m\u00fasica caipira, que, como os ouvintes ir\u00e3o &hellip; <a href=\"https:\/\/www.toque-musicall.com\/?p=3319\">Continue lendo <span class=\"meta-nav\">&rarr;<\/span><\/a><\/p>\n","protected":false},"author":1,"featured_media":0,"comment_status":"open","ping_status":"closed","sticky":false,"template":"","format":"standard","meta":{"footnotes":""},"categories":[1425,824,534,1727,11,13,892,209,211],"tags":[],"class_list":["post-3319","post","type-post","status-publish","format-standard","hentry","category-alberto-calcada","category-alvarenga-e-ranchinho","category-aracy-de-almeida","category-dilu-mello","category-exclusivos-do-toque-musical","category-selo-grand-record-brazil","category-tonico-e-tinoco","category-trio-madrigal","category-trio-melodia"],"_links":{"self":[{"href":"https:\/\/www.toque-musicall.com\/index.php?rest_route=\/wp\/v2\/posts\/3319","targetHints":{"allow":["GET"]}}],"collection":[{"href":"https:\/\/www.toque-musicall.com\/index.php?rest_route=\/wp\/v2\/posts"}],"about":[{"href":"https:\/\/www.toque-musicall.com\/index.php?rest_route=\/wp\/v2\/types\/post"}],"author":[{"embeddable":true,"href":"https:\/\/www.toque-musicall.com\/index.php?rest_route=\/wp\/v2\/users\/1"}],"replies":[{"embeddable":true,"href":"https:\/\/www.toque-musicall.com\/index.php?rest_route=%2Fwp%2Fv2%2Fcomments&post=3319"}],"version-history":[{"count":1,"href":"https:\/\/www.toque-musicall.com\/index.php?rest_route=\/wp\/v2\/posts\/3319\/revisions"}],"predecessor-version":[{"id":3320,"href":"https:\/\/www.toque-musicall.com\/index.php?rest_route=\/wp\/v2\/posts\/3319\/revisions\/3320"}],"wp:attachment":[{"href":"https:\/\/www.toque-musicall.com\/index.php?rest_route=%2Fwp%2Fv2%2Fmedia&parent=3319"}],"wp:term":[{"taxonomy":"category","embeddable":true,"href":"https:\/\/www.toque-musicall.com\/index.php?rest_route=%2Fwp%2Fv2%2Fcategories&post=3319"},{"taxonomy":"post_tag","embeddable":true,"href":"https:\/\/www.toque-musicall.com\/index.php?rest_route=%2Fwp%2Fv2%2Ftags&post=3319"}],"curies":[{"name":"wp","href":"https:\/\/api.w.org\/{rel}","templated":true}]}}